{"id":2173,"date":"2012-09-13T18:28:04","date_gmt":"2012-09-13T21:28:04","guid":{"rendered":"https:\/\/blogs.gazetaesportiva.com\/michellegiannella\/?p=2173"},"modified":"2012-09-13T18:34:48","modified_gmt":"2012-09-13T21:34:48","slug":"adeus-felipao","status":"publish","type":"post","link":"https:\/\/blogs.gazetaesportiva.com\/michellegiannella\/2012\/09\/13\/adeus-felipao\/","title":{"rendered":"Adeus, Felip\u00e3o!"},"content":{"rendered":"<p><figure id=\"attachment_2177\" aria-describedby=\"caption-attachment-2177\" style=\"width: 595px\" class=\"wp-caption aligncenter\"><a href=\"https:\/\/blogs.gazetaesportiva.com\/michellegiannella\/files\/2012\/09\/felipao1_michelle.jpg\"><img loading=\"lazy\" decoding=\"async\" src=\"https:\/\/blogs.gazetaesportiva.com\/michellegiannella\/files\/2012\/09\/felipao1_michelle.jpg\" alt=\"Djalma Vass\u00e3o\/Gazeta Press\" title=\"Djalma Vass\u00e3o\/Gazeta Press\" width=\"595\" height=\"364\" class=\"size-full wp-image-2177\" \/><\/a><figcaption id=\"caption-attachment-2177\" class=\"wp-caption-text\">Djalma Vass\u00e3o\/Gazeta Press<\/figcaption><\/figure>Acabou a fam\u00edlia Scolari. Se bem que, na verdade, desde que Felip\u00e3o chegou ao clube em 2010 n\u00e3o conseguiu formar uma fam\u00edlia de verdade. Apesar de ter vencido a Copa do Brasil este ano, o Palmeiras nunca convenceu. A derrota de ontem para o Vasco por 3 a 1 foi a gota d\u00b4\u00e1gua que faltava para fazer o copo transbordar e a paci\u00eancia acabar.<\/p>\n<p>A situa\u00e7\u00e3o do Palmeiras \u00e9 muito ruim. S\u00e3o 14 derrotas em 24 jogos no Brasileir\u00e3o. A equipe est\u00e1 muito perto de ser rebaixada.<\/p>\n<p>Sinceramente, n\u00e3o sei se foi o melhor momento para demitir o treinador, afinal domingo tem cl\u00e1ssico com o Corinthians.<\/p>\n<p>Alguns torcedores pedem Jorginho. A diretoria pensa em chamar \u00c9merson Le\u00e3o. <\/p>\n<p>Mas por que o Palmeiras estaria nessa situa\u00e7\u00e3o? Muitos dizem que um dos motivos seria o mau relacionamento entre o treinador Felip\u00e3o e os jogadores que j\u00e1 estaria desgastado h\u00e1 tempos. Enfim, s\u00f3 o tempo nos mostrar\u00e1 qual o futuro do Verd\u00e3o&#8230; <\/p>\n<p>E pra voc\u00ea, quem \u00e9 capaz de tirar o Palmeiras da zona da degola? <\/p>\n<p>A palavra \u00e9 toda sua. <\/p>\n","protected":false},"excerpt":{"rendered":"<p>Acabou a fam\u00edlia Scolari. Se bem que, na verdade, desde que Felip\u00e3o chegou ao clube em 2010 n\u00e3o conseguiu formar uma fam\u00edlia de verdade. Apesar <a class=\"read-more\" href=\"https:\/\/blogs.gazetaesportiva.com\/michellegiannella\/2012\/09\/13\/adeus-felipao\/\">leia mais<\/a><\/p>\n","protected":false},"author":14,"featured_media":2177,"comment_status":"open","ping_status":"open","sticky":false,"template":"","format":"standard","meta":{"jetpack_post_was_ever_published":false,"_jetpack_newsletter_access":"","_jetpack_dont_email_post_to_subs":false,"_jetpack_newsletter_tier_id":0,"_jetpack_memberships_contains_paywalled_content":false,"_jetpack_memberships_contains_paid_content":false,"footnotes":"","jetpack_publicize_message":"","jetpack_publicize_feature_enabled":true,"jetpack_social_post_already_shared":false,"jetpack_social_options":{"image_generator_settings":{"template":"highway","default_image_id":0,"font":"","enabled":false},"version":2}},"categories":[1],"tags":[],"class_list":["post-2173","post","type-post","status-publish","format-standard","has-post-thumbnail","hentry","category-sem-categoria"],"jetpack_publicize_connections":[],"jetpack_featured_media_url":"https:\/\/blogs.gazetaesportiva.com\/michellegiannella\/files\/2012\/09\/felipao1_michelle.jpg","jetpack_sharing_enabled":true,"jetpack_shortlink":"https:\/\/wp.me\/p6rrMZ-z3","_links":{"self":[{"href":"https:\/\/blogs.gazetaesportiva.com\/michellegiannella\/wp-json\/wp\/v2\/posts\/2173","targetHints":{"allow":["GET"]}}],"collection":[{"href":"https:\/\/blogs.gazetaesportiva.com\/michellegiannella\/wp-json\/wp\/v2\/posts"}],"about":[{"href":"https:\/\/blogs.gazetaesportiva.com\/michellegiannella\/wp-json\/wp\/v2\/types\/post"}],"author":[{"embeddable":true,"href":"https:\/\/blogs.gazetaesportiva.com\/michellegiannella\/wp-json\/wp\/v2\/users\/14"}],"replies":[{"embeddable":true,"href":"https:\/\/blogs.gazetaesportiva.com\/michellegiannella\/wp-json\/wp\/v2\/comments?post=2173"}],"version-history":[{"count":0,"href":"https:\/\/blogs.gazetaesportiva.com\/michellegiannella\/wp-json\/wp\/v2\/posts\/2173\/revisions"}],"wp:featuredmedia":[{"embeddable":true,"href":"https:\/\/blogs.gazetaesportiva.com\/michellegiannella\/wp-json\/wp\/v2\/media\/2177"}],"wp:attachment":[{"href":"https:\/\/blogs.gazetaesportiva.com\/michellegiannella\/wp-json\/wp\/v2\/media?parent=2173"}],"wp:term":[{"taxonomy":"category","embeddable":true,"href":"https:\/\/blogs.gazetaesportiva.com\/michellegiannella\/wp-json\/wp\/v2\/categories?post=2173"},{"taxonomy":"post_tag","embeddable":true,"href":"https:\/\/blogs.gazetaesportiva.com\/michellegiannella\/wp-json\/wp\/v2\/tags?post=2173"}],"curies":[{"name":"wp","href":"https:\/\/api.w.org\/{rel}","templated":true}]}}