{"id":2159,"date":"2012-09-03T14:48:59","date_gmt":"2012-09-03T17:48:59","guid":{"rendered":"https:\/\/blogs.gazetaesportiva.com\/michellegiannella\/?p=2159"},"modified":"2012-09-03T14:52:12","modified_gmt":"2012-09-03T17:52:12","slug":"o-gigante-da-fiel","status":"publish","type":"post","link":"https:\/\/blogs.gazetaesportiva.com\/michellegiannella\/2012\/09\/03\/o-gigante-da-fiel\/","title":{"rendered":"O Gigante da Fiel"},"content":{"rendered":"<p><a href=\"https:\/\/blogs.gazetaesportiva.com\/michellegiannella\/files\/2012\/09\/aImagem-1471.jpg\"><img loading=\"lazy\" decoding=\"async\" class=\"aligncenter size-full wp-image-2160\" src=\"https:\/\/blogs.gazetaesportiva.com\/michellegiannella\/files\/2012\/09\/aImagem-1471.jpg\" alt=\"\" width=\"595\" height=\"335\" \/><\/a><\/p>\n<p>Conhe\u00e7a um pouco mais sobre da hist\u00f3ria do goleir\u00e3o C\u00e1ssio, do Corinthians, convidado de ontem do programa Mesa Redonda.<\/p>\n<p><strong>ORIGEM HUMILDE<\/strong><br \/>\nC\u00e1ssio Roberto Ramos, 25 anos, \u00e9 de Veran\u00f3polis, Rio Grande do Sul, uma cidade com\u00a0pouco mais de 24 mil habitantes. Filho de\u00a0m\u00e3e solteira, passou por muitas dificuldades em sua juventude. &#8220;Minha m\u00e3e muitas vezes ficava sem dinheiro para eu poder conseguir\u00a0treinar em Porto Alegre, no Gr\u00eamio&#8221;, diz o jogador.<br \/>\nA m\u00e3e de C\u00e1ssio\u00a0trabalhava numa casa de fam\u00edlia como empregada dom\u00e9stica.<br \/>\n&#8220;Eu nunca cheguei a passar fome, mas nem sempre a gente tinha\u00a0carne pra comer em casa&#8221;, desabafa o goleir\u00e3o.<\/p>\n<p><strong>HOLANDA<\/strong><br \/>\nC\u00e1ssio jogou na Holanda por 4 anos e meio, mas atuou\u00a0em pouqu\u00edssimas partidas.<br \/>\n&#8220;Nunca deixei de treinar, apesar de n\u00e3o ter chances\u00a0de jogar. No Corinthians foi a mesma coisa, mas sempre treinei muito forte. Se eu n\u00e3o tivesse me preparado, o Tite n\u00e3o teria me\u00a0colocado\u00a0em campo&#8221;, conta o atleta.<br \/>\nPara ter for\u00e7as para encarar o per\u00edodo que ficou na Holanda,\u00a0C\u00e1ssio revela seu segredo: &#8220;Sempre tive muito apoio da minha familia e me lembrava de minha\u00a0origem humilde&#8221;.<\/p>\n<p><strong>CONSELHO<\/strong><br \/>\n&#8220;Hoje em dia \u00e9 muito dif\u00edcil chegar ao profissional, tem muita concorr\u00eancia e tem que tomar cuidado com as armadilhas do futebol, as festas&#8230; Mas sempre me lembro de onde comecei e sei que\u00a0hoje tenho muita visibilidade, ent\u00e3o tenho que estar sempre treinando para continuar nesse nivel. As\u00a0pessoas querem carro, casa e esquecem de jogar futebol&#8221;.<\/p>\n<p><strong>SELE\u00c7\u00c3O BRASILEIRA<\/strong><br \/>\n&#8220;Fiquei um pouco surpreso com a convoca\u00e7\u00e3o, achei que iria acontecer mais futuramente&#8221;.<br \/>\n<strong><br \/>\nJULIO C\u00c9SAR<\/strong><br \/>\n&#8220;Quem conhece o J\u00falio sabe que ele \u00e9 uma \u00f3tima pessoa, ele foi titular por 2 anos do time e\u00a0campe\u00e3o brasileiro. \u00c9 dif\u00edcil\u00a0porque eu acabei tomando a posi\u00e7\u00e3o dele, mas ele nunca teve m\u00e1 vontade comigo.&#8221;<\/p>\n<p><strong>CONTRATO COM O CORINTHIANS<\/strong><br \/>\n&#8220;Meu contrato vai at\u00e9 2015 e eu pretendo continuar no Corinthians por muito tempo ainda&#8221;.<br \/>\n<strong><br \/>\nCURIOSIDADES<\/strong><br \/>\nC\u00e1ssio, ao contr\u00e1rio dos demais companheiros de equipe, gosta de rock pesado. Nos fones de ouvido, uma das bandas preferidas \u00e9 o Likin Park.<\/p>\n<p><strong>MAIOR GOLEIRO<\/strong><br \/>\nNa opini\u00e3o de C\u00e1ssio, um dos maiores goleiros que tem como fonte de inspira\u00e7\u00e3o \u00e9 o argentino\u00a0\u00e9 Oscar C\u00f3rdoba.<\/p>\n","protected":false},"excerpt":{"rendered":"<p>Conhe\u00e7a um pouco mais sobre da hist\u00f3ria do goleir\u00e3o C\u00e1ssio, do Corinthians, convidado de ontem do programa Mesa Redonda. ORIGEM HUMILDE C\u00e1ssio Roberto Ramos, 25 <a class=\"read-more\" href=\"https:\/\/blogs.gazetaesportiva.com\/michellegiannella\/2012\/09\/03\/o-gigante-da-fiel\/\">leia mais<\/a><\/p>\n","protected":false},"author":14,"featured_media":2160,"comment_status":"open","ping_status":"open","sticky":false,"template":"","format":"standard","meta":{"jetpack_post_was_ever_published":false,"_jetpack_newsletter_access":"","_jetpack_dont_email_post_to_subs":false,"_jetpack_newsletter_tier_id":0,"_jetpack_memberships_contains_paywalled_content":false,"_jetpack_memberships_contains_paid_content":false,"footnotes":"","jetpack_publicize_message":"","jetpack_publicize_feature_enabled":true,"jetpack_social_post_already_shared":false,"jetpack_social_options":{"image_generator_settings":{"template":"highway","default_image_id":0,"font":"","enabled":false},"version":2}},"categories":[1],"tags":[],"class_list":["post-2159","post","type-post","status-publish","format-standard","has-post-thumbnail","hentry","category-sem-categoria"],"jetpack_publicize_connections":[],"jetpack_featured_media_url":"https:\/\/blogs.gazetaesportiva.com\/michellegiannella\/files\/2012\/09\/aImagem-1471.jpg","jetpack_sharing_enabled":true,"jetpack_shortlink":"https:\/\/wp.me\/p6rrMZ-yP","_links":{"self":[{"href":"https:\/\/blogs.gazetaesportiva.com\/michellegiannella\/wp-json\/wp\/v2\/posts\/2159","targetHints":{"allow":["GET"]}}],"collection":[{"href":"https:\/\/blogs.gazetaesportiva.com\/michellegiannella\/wp-json\/wp\/v2\/posts"}],"about":[{"href":"https:\/\/blogs.gazetaesportiva.com\/michellegiannella\/wp-json\/wp\/v2\/types\/post"}],"author":[{"embeddable":true,"href":"https:\/\/blogs.gazetaesportiva.com\/michellegiannella\/wp-json\/wp\/v2\/users\/14"}],"replies":[{"embeddable":true,"href":"https:\/\/blogs.gazetaesportiva.com\/michellegiannella\/wp-json\/wp\/v2\/comments?post=2159"}],"version-history":[{"count":0,"href":"https:\/\/blogs.gazetaesportiva.com\/michellegiannella\/wp-json\/wp\/v2\/posts\/2159\/revisions"}],"wp:featuredmedia":[{"embeddable":true,"href":"https:\/\/blogs.gazetaesportiva.com\/michellegiannella\/wp-json\/wp\/v2\/media\/2160"}],"wp:attachment":[{"href":"https:\/\/blogs.gazetaesportiva.com\/michellegiannella\/wp-json\/wp\/v2\/media?parent=2159"}],"wp:term":[{"taxonomy":"category","embeddable":true,"href":"https:\/\/blogs.gazetaesportiva.com\/michellegiannella\/wp-json\/wp\/v2\/categories?post=2159"},{"taxonomy":"post_tag","embeddable":true,"href":"https:\/\/blogs.gazetaesportiva.com\/michellegiannella\/wp-json\/wp\/v2\/tags?post=2159"}],"curies":[{"name":"wp","href":"https:\/\/api.w.org\/{rel}","templated":true}]}}