{"id":2143,"date":"2012-09-02T23:29:35","date_gmt":"2012-09-03T02:29:35","guid":{"rendered":"https:\/\/blogs.gazetaesportiva.com\/michellegiannella\/?p=2143"},"modified":"2012-09-02T23:33:55","modified_gmt":"2012-09-03T02:33:55","slug":"susto-na-formula-1","status":"publish","type":"post","link":"https:\/\/blogs.gazetaesportiva.com\/michellegiannella\/2012\/09\/02\/susto-na-formula-1\/","title":{"rendered":"Susto na F\u00f3rmula 1"},"content":{"rendered":"<figure id=\"attachment_2148\" aria-describedby=\"caption-attachment-2148\" style=\"width: 595px\" class=\"wp-caption aligncenter\"><a href=\"https:\/\/blogs.gazetaesportiva.com\/michellegiannella\/files\/2012\/09\/f1_595_afp.jpg\"><img loading=\"lazy\" decoding=\"async\" class=\"size-full wp-image-2148\" title=\"Foto: AFP\" src=\"https:\/\/blogs.gazetaesportiva.com\/michellegiannella\/files\/2012\/09\/f1_595_afp.jpg\" alt=\"Foto: AFP\" width=\"595\" height=\"350\" \/><\/a><figcaption id=\"caption-attachment-2148\" class=\"wp-caption-text\">Foto: AFP<\/figcaption><\/figure>\n<p>Hoje de manh\u00e3 tomei um susto ao ver a largada do GP da B\u00e9lgica!<\/p>\n<p>A primeira curva da pista, j\u00e1 conhecida por\u00a0seus acidentes, foi palco de uma grande batida.<\/p>\n<p>O piloto da Lotus, Grojean, deu uma grande fechada em Hamilton ap\u00f3s a largada, e os dois carros\u00a0fizeram um verdadeiro strike na Ferrari de Alonso.<\/p>\n<p>O susto foi grande, Alonso n\u00e3o saia do carro e nenhum replay era exibido. Parecia que alguma coisa mais s\u00e9ria tinha acontecido.<\/p>\n<p>As equipes e pilotos estavam assustados com a cena de destrui\u00e7\u00e3o, mas felizmente Alonso saiu do carro apenas com uma dor nas costas.<\/p>\n<p>Ele ficou sem conseguir respirar dentro do carro porque\u00a0o sistema anti-inc\u00eandio\u00a0da Ferrari foi acionado.<\/p>\n<p>A Lotus passou apenas\u00a0a dois palmos da cabe\u00e7a do piloto espanhol, l\u00edder do campeonato e\u00a0que nasceu de novo hoje&#8230;<\/p>\n<p>Grojean foi punido e n\u00e3o correr\u00e1 em Monza.<\/p>\n<p>Um grande susto nesta manh\u00e3 de domingo. Mais uma vez a F1 mostra\u00a0que tudo pode mudar em apenas um segundo!<\/p>\n","protected":false},"excerpt":{"rendered":"<p>Hoje de manh\u00e3 tomei um susto ao ver a largada do GP da B\u00e9lgica! A primeira curva da pista, j\u00e1 conhecida por\u00a0seus acidentes, foi palco <a class=\"read-more\" href=\"https:\/\/blogs.gazetaesportiva.com\/michellegiannella\/2012\/09\/02\/susto-na-formula-1\/\">leia mais<\/a><\/p>\n","protected":false},"author":14,"featured_media":2148,"comment_status":"open","ping_status":"open","sticky":false,"template":"","format":"standard","meta":{"jetpack_post_was_ever_published":false,"_jetpack_newsletter_access":"","_jetpack_dont_email_post_to_subs":false,"_jetpack_newsletter_tier_id":0,"_jetpack_memberships_contains_paywalled_content":false,"_jetpack_memberships_contains_paid_content":false,"footnotes":"","jetpack_publicize_message":"","jetpack_publicize_feature_enabled":true,"jetpack_social_post_already_shared":false,"jetpack_social_options":{"image_generator_settings":{"template":"highway","default_image_id":0,"font":"","enabled":false},"version":2}},"categories":[1],"tags":[],"class_list":["post-2143","post","type-post","status-publish","format-standard","has-post-thumbnail","hentry","category-sem-categoria"],"jetpack_publicize_connections":[],"jetpack_featured_media_url":"https:\/\/blogs.gazetaesportiva.com\/michellegiannella\/files\/2012\/09\/f1_595_afp.jpg","jetpack_sharing_enabled":true,"jetpack_shortlink":"https:\/\/wp.me\/p6rrMZ-yz","_links":{"self":[{"href":"https:\/\/blogs.gazetaesportiva.com\/michellegiannella\/wp-json\/wp\/v2\/posts\/2143","targetHints":{"allow":["GET"]}}],"collection":[{"href":"https:\/\/blogs.gazetaesportiva.com\/michellegiannella\/wp-json\/wp\/v2\/posts"}],"about":[{"href":"https:\/\/blogs.gazetaesportiva.com\/michellegiannella\/wp-json\/wp\/v2\/types\/post"}],"author":[{"embeddable":true,"href":"https:\/\/blogs.gazetaesportiva.com\/michellegiannella\/wp-json\/wp\/v2\/users\/14"}],"replies":[{"embeddable":true,"href":"https:\/\/blogs.gazetaesportiva.com\/michellegiannella\/wp-json\/wp\/v2\/comments?post=2143"}],"version-history":[{"count":0,"href":"https:\/\/blogs.gazetaesportiva.com\/michellegiannella\/wp-json\/wp\/v2\/posts\/2143\/revisions"}],"wp:featuredmedia":[{"embeddable":true,"href":"https:\/\/blogs.gazetaesportiva.com\/michellegiannella\/wp-json\/wp\/v2\/media\/2148"}],"wp:attachment":[{"href":"https:\/\/blogs.gazetaesportiva.com\/michellegiannella\/wp-json\/wp\/v2\/media?parent=2143"}],"wp:term":[{"taxonomy":"category","embeddable":true,"href":"https:\/\/blogs.gazetaesportiva.com\/michellegiannella\/wp-json\/wp\/v2\/categories?post=2143"},{"taxonomy":"post_tag","embeddable":true,"href":"https:\/\/blogs.gazetaesportiva.com\/michellegiannella\/wp-json\/wp\/v2\/tags?post=2143"}],"curies":[{"name":"wp","href":"https:\/\/api.w.org\/{rel}","templated":true}]}}