{"id":2136,"date":"2012-08-30T18:21:58","date_gmt":"2012-08-30T21:21:58","guid":{"rendered":"https:\/\/blogs.gazetaesportiva.com\/michellegiannella\/?p=2136"},"modified":"2012-08-30T20:40:37","modified_gmt":"2012-08-30T23:40:37","slug":"alerta-vermelho-portuguesa-3-palmeiras-0","status":"publish","type":"post","link":"https:\/\/blogs.gazetaesportiva.com\/michellegiannella\/2012\/08\/30\/alerta-vermelho-portuguesa-3-palmeiras-0\/","title":{"rendered":"Alerta vermelho: Portuguesa 3 &#8211; Palmeiras 0"},"content":{"rendered":"<figure id=\"attachment_2139\" aria-describedby=\"caption-attachment-2139\" style=\"width: 540px\" class=\"wp-caption aligncenter\"><a href=\"https:\/\/blogs.gazetaesportiva.com\/michellegiannella\/files\/2012\/08\/felipao_540_sb.jpg\"><img loading=\"lazy\" decoding=\"async\" class=\"size-full wp-image-2139\" title=\"Sergio Barzaghi\/Gazeta Press\" src=\"https:\/\/blogs.gazetaesportiva.com\/michellegiannella\/files\/2012\/08\/felipao_540_sb.jpg\" alt=\"Sergio Barzaghi\/Gazeta Press\" width=\"540\" height=\"350\" \/><\/a><figcaption id=\"caption-attachment-2139\" class=\"wp-caption-text\">Sergio Barzaghi\/Gazeta Press<\/figcaption><\/figure>\n<p>O Palmeiras teve uma atua\u00e7\u00e3o lament\u00e1vel na noite desta quarta feira diante da Portuguesa perdendo por 3 a 0.<\/p>\n<p>O problema n\u00e3o \u00e9 perder para a Portuguesa, que est\u00e1 em d\u00e9cimo terceiro lugar na tabela e vem jogando bem. A quest\u00e3o \u00e9 que o time de Felip\u00e3o n\u00e3o esbo\u00e7ou o m\u00ednimo poder de rea\u00e7\u00e3o dentro de campo.<\/p>\n<p>O elenco do Verd\u00e3o n\u00e3o \u00e9 ruim, n\u00e3o \u00e9 time para ser rebaixado, mas ficar\u00e1 pelas pr\u00f3ximas duas rodadas, pelo menos, na zona de rebaixamento.<\/p>\n<p>Felip\u00e3o precisa fazer alguma coisa para a situa\u00e7\u00e3o da equipe mudar no Campeonato Brasileiro. A torcida n\u00e3o merece passar por todo esse sofrimento.<\/p>\n<p>O alerta vermelho est\u00e1 ligado.<\/p>\n<p>O que voc\u00ea acha que o treinador deve mudar na equipe?<\/p>\n","protected":false},"excerpt":{"rendered":"<p>O Palmeiras teve uma atua\u00e7\u00e3o lament\u00e1vel na noite desta quarta feira diante da Portuguesa perdendo por 3 a 0. O problema n\u00e3o \u00e9 perder para <a class=\"read-more\" href=\"https:\/\/blogs.gazetaesportiva.com\/michellegiannella\/2012\/08\/30\/alerta-vermelho-portuguesa-3-palmeiras-0\/\">leia mais<\/a><\/p>\n","protected":false},"author":14,"featured_media":2139,"comment_status":"open","ping_status":"open","sticky":false,"template":"","format":"standard","meta":{"jetpack_post_was_ever_published":false,"_jetpack_newsletter_access":"","_jetpack_dont_email_post_to_subs":false,"_jetpack_newsletter_tier_id":0,"_jetpack_memberships_contains_paywalled_content":false,"_jetpack_memberships_contains_paid_content":false,"footnotes":"","jetpack_publicize_message":"","jetpack_publicize_feature_enabled":true,"jetpack_social_post_already_shared":false,"jetpack_social_options":{"image_generator_settings":{"template":"highway","default_image_id":0,"font":"","enabled":false},"version":2}},"categories":[1],"tags":[],"class_list":["post-2136","post","type-post","status-publish","format-standard","has-post-thumbnail","hentry","category-sem-categoria"],"jetpack_publicize_connections":[],"jetpack_featured_media_url":"https:\/\/blogs.gazetaesportiva.com\/michellegiannella\/files\/2012\/08\/felipao_540_sb.jpg","jetpack_sharing_enabled":true,"jetpack_shortlink":"https:\/\/wp.me\/p6rrMZ-ys","_links":{"self":[{"href":"https:\/\/blogs.gazetaesportiva.com\/michellegiannella\/wp-json\/wp\/v2\/posts\/2136","targetHints":{"allow":["GET"]}}],"collection":[{"href":"https:\/\/blogs.gazetaesportiva.com\/michellegiannella\/wp-json\/wp\/v2\/posts"}],"about":[{"href":"https:\/\/blogs.gazetaesportiva.com\/michellegiannella\/wp-json\/wp\/v2\/types\/post"}],"author":[{"embeddable":true,"href":"https:\/\/blogs.gazetaesportiva.com\/michellegiannella\/wp-json\/wp\/v2\/users\/14"}],"replies":[{"embeddable":true,"href":"https:\/\/blogs.gazetaesportiva.com\/michellegiannella\/wp-json\/wp\/v2\/comments?post=2136"}],"version-history":[{"count":0,"href":"https:\/\/blogs.gazetaesportiva.com\/michellegiannella\/wp-json\/wp\/v2\/posts\/2136\/revisions"}],"wp:featuredmedia":[{"embeddable":true,"href":"https:\/\/blogs.gazetaesportiva.com\/michellegiannella\/wp-json\/wp\/v2\/media\/2139"}],"wp:attachment":[{"href":"https:\/\/blogs.gazetaesportiva.com\/michellegiannella\/wp-json\/wp\/v2\/media?parent=2136"}],"wp:term":[{"taxonomy":"category","embeddable":true,"href":"https:\/\/blogs.gazetaesportiva.com\/michellegiannella\/wp-json\/wp\/v2\/categories?post=2136"},{"taxonomy":"post_tag","embeddable":true,"href":"https:\/\/blogs.gazetaesportiva.com\/michellegiannella\/wp-json\/wp\/v2\/tags?post=2136"}],"curies":[{"name":"wp","href":"https:\/\/api.w.org\/{rel}","templated":true}]}}