{"id":2108,"date":"2012-08-27T13:07:08","date_gmt":"2012-08-27T16:07:08","guid":{"rendered":"https:\/\/blogs.gazetaesportiva.com\/michellegiannella\/?p=2108"},"modified":"2012-08-27T13:32:02","modified_gmt":"2012-08-27T16:32:02","slug":"mesa-redonda-especial-com-o-idolo-marcos","status":"publish","type":"post","link":"https:\/\/blogs.gazetaesportiva.com\/michellegiannella\/2012\/08\/27\/mesa-redonda-especial-com-o-idolo-marcos\/","title":{"rendered":"Mesa Redonda especial com o \u00eddolo Marcos"},"content":{"rendered":"<p><a href=\"https:\/\/blogs.gazetaesportiva.com\/michellegiannella\/files\/2012\/08\/marcosmesa2.jpg\"><img loading=\"lazy\" decoding=\"async\" class=\"aligncenter size-full wp-image-2124\" src=\"https:\/\/blogs.gazetaesportiva.com\/michellegiannella\/files\/2012\/08\/marcosmesa2.jpg\" alt=\"\" width=\"638\" height=\"525\" \/><\/a><\/p>\n<p><a href=\"https:\/\/blogs.gazetaesportiva.com\/michellegiannella\/files\/2012\/08\/Imagem116.jpg\"><img loading=\"lazy\" decoding=\"async\" class=\"aligncenter size-full wp-image-2111\" src=\"https:\/\/blogs.gazetaesportiva.com\/michellegiannella\/files\/2012\/08\/Imagem116.jpg\" alt=\"\" width=\"595\" height=\"446\" \/><\/a><\/p>\n<p><a href=\"https:\/\/blogs.gazetaesportiva.com\/michellegiannella\/files\/2012\/08\/Imagem114.jpg\"><img loading=\"lazy\" decoding=\"async\" class=\"aligncenter size-full wp-image-2112\" src=\"https:\/\/blogs.gazetaesportiva.com\/michellegiannella\/files\/2012\/08\/Imagem114.jpg\" alt=\"\" width=\"595\" height=\"446\" \/><\/a><\/p>\n<p><a href=\"https:\/\/blogs.gazetaesportiva.com\/michellegiannella\/files\/2012\/08\/Imagem111.jpg\"><img loading=\"lazy\" decoding=\"async\" class=\"aligncenter size-full wp-image-2113\" src=\"https:\/\/blogs.gazetaesportiva.com\/michellegiannella\/files\/2012\/08\/Imagem111.jpg\" alt=\"\" width=\"595\" height=\"446\" \/><\/a><\/p>\n<p><a href=\"https:\/\/blogs.gazetaesportiva.com\/michellegiannella\/files\/2012\/08\/Imagem115.jpg\"><img loading=\"lazy\" decoding=\"async\" class=\"aligncenter size-full wp-image-2114\" src=\"https:\/\/blogs.gazetaesportiva.com\/michellegiannella\/files\/2012\/08\/Imagem115.jpg\" alt=\"\" width=\"595\" height=\"446\" \/><\/a><\/p>\n<p><a href=\"https:\/\/blogs.gazetaesportiva.com\/michellegiannella\/files\/2012\/08\/Imagem121.jpg\"><img loading=\"lazy\" decoding=\"async\" class=\"aligncenter size-full wp-image-2115\" src=\"https:\/\/blogs.gazetaesportiva.com\/michellegiannella\/files\/2012\/08\/Imagem121.jpg\" alt=\"\" width=\"595\" height=\"446\" \/><\/a><\/p>\n<p>\u00cddolo palmeirense e pentacampe\u00e3o brasileiro.<\/p>\n<p>Querido por todos os torcedores por sua simpatia e simplicidade.<\/p>\n<p>A presen\u00e7a do ex-goleiro Marcos e atual embaixador do Palmeiras ontem no Mesa Redonda foi sucesso de participa\u00e7\u00e3o do p\u00fablico. N\u00e3o precisa nem dizer que o programa foi um dos mais divertidos dos \u00faltimos tempos.<\/p>\n<p>O jornalista Mauro Beting e o t\u00e9cnico Jorginho tamb\u00e9m marcaram presen\u00e7a.<\/p>\n","protected":false},"excerpt":{"rendered":"<p>\u00cddolo palmeirense e pentacampe\u00e3o brasileiro. Querido por todos os torcedores por sua simpatia e simplicidade. A presen\u00e7a do ex-goleiro Marcos e atual embaixador do Palmeiras <a class=\"read-more\" href=\"https:\/\/blogs.gazetaesportiva.com\/michellegiannella\/2012\/08\/27\/mesa-redonda-especial-com-o-idolo-marcos\/\">leia mais<\/a><\/p>\n","protected":false},"author":14,"featured_media":2124,"comment_status":"open","ping_status":"open","sticky":false,"template":"","format":"standard","meta":{"jetpack_post_was_ever_published":false,"_jetpack_newsletter_access":"","_jetpack_dont_email_post_to_subs":false,"_jetpack_newsletter_tier_id":0,"_jetpack_memberships_contains_paywalled_content":false,"_jetpack_memberships_contains_paid_content":false,"footnotes":"","jetpack_publicize_message":"","jetpack_publicize_feature_enabled":true,"jetpack_social_post_already_shared":false,"jetpack_social_options":{"image_generator_settings":{"template":"highway","default_image_id":0,"font":"","enabled":false},"version":2}},"categories":[1],"tags":[],"class_list":["post-2108","post","type-post","status-publish","format-standard","has-post-thumbnail","hentry","category-sem-categoria"],"jetpack_publicize_connections":[],"jetpack_featured_media_url":"https:\/\/blogs.gazetaesportiva.com\/michellegiannella\/files\/2012\/08\/marcosmesa2.jpg","jetpack_sharing_enabled":true,"jetpack_shortlink":"https:\/\/wp.me\/p6rrMZ-y0","_links":{"self":[{"href":"https:\/\/blogs.gazetaesportiva.com\/michellegiannella\/wp-json\/wp\/v2\/posts\/2108","targetHints":{"allow":["GET"]}}],"collection":[{"href":"https:\/\/blogs.gazetaesportiva.com\/michellegiannella\/wp-json\/wp\/v2\/posts"}],"about":[{"href":"https:\/\/blogs.gazetaesportiva.com\/michellegiannella\/wp-json\/wp\/v2\/types\/post"}],"author":[{"embeddable":true,"href":"https:\/\/blogs.gazetaesportiva.com\/michellegiannella\/wp-json\/wp\/v2\/users\/14"}],"replies":[{"embeddable":true,"href":"https:\/\/blogs.gazetaesportiva.com\/michellegiannella\/wp-json\/wp\/v2\/comments?post=2108"}],"version-history":[{"count":0,"href":"https:\/\/blogs.gazetaesportiva.com\/michellegiannella\/wp-json\/wp\/v2\/posts\/2108\/revisions"}],"wp:featuredmedia":[{"embeddable":true,"href":"https:\/\/blogs.gazetaesportiva.com\/michellegiannella\/wp-json\/wp\/v2\/media\/2124"}],"wp:attachment":[{"href":"https:\/\/blogs.gazetaesportiva.com\/michellegiannella\/wp-json\/wp\/v2\/media?parent=2108"}],"wp:term":[{"taxonomy":"category","embeddable":true,"href":"https:\/\/blogs.gazetaesportiva.com\/michellegiannella\/wp-json\/wp\/v2\/categories?post=2108"},{"taxonomy":"post_tag","embeddable":true,"href":"https:\/\/blogs.gazetaesportiva.com\/michellegiannella\/wp-json\/wp\/v2\/tags?post=2108"}],"curies":[{"name":"wp","href":"https:\/\/api.w.org\/{rel}","templated":true}]}}