{"id":2091,"date":"2012-08-26T22:22:31","date_gmt":"2012-08-27T01:22:31","guid":{"rendered":"https:\/\/blogs.gazetaesportiva.com\/michellegiannella\/?p=2091"},"modified":"2012-08-26T23:43:56","modified_gmt":"2012-08-27T02:43:56","slug":"sao-paulo-quebra-tabu-e-vence-corinthians","status":"publish","type":"post","link":"https:\/\/blogs.gazetaesportiva.com\/michellegiannella\/2012\/08\/26\/sao-paulo-quebra-tabu-e-vence-corinthians\/","title":{"rendered":"Tricolor manda tabu pro espa\u00e7o!"},"content":{"rendered":"<div>\n<figure id=\"attachment_2102\" aria-describedby=\"caption-attachment-2102\" style=\"width: 595px\" class=\"wp-caption aligncenter\"><a href=\"https:\/\/blogs.gazetaesportiva.com\/michellegiannella\/files\/2012\/08\/blog_michele_SB.jpg\"><img loading=\"lazy\" decoding=\"async\" class=\"size-full wp-image-2102\" src=\"https:\/\/blogs.gazetaesportiva.com\/michellegiannella\/files\/2012\/08\/blog_michele_SB.jpg\" alt=\"\" width=\"595\" height=\"396\" \/><\/a><figcaption id=\"caption-attachment-2102\" class=\"wp-caption-text\">Foto: Sergio Barzaghi\/Gazeta Press<\/figcaption><\/figure>\n<p>O Corinthians come\u00e7ou muito bem a partida, parecia que iria dominar dentro de campo. O gol aos seis minutos de \u00c9merson Sheik abriu os olhos da equipe tricolor que teve sangue frio para se reorganizar dentro de campo e reverter o resultado.<\/p><\/div>\n<div>O S\u00e3o Paulo jogou bonito e Lu\u00eds Fabiano foi o nome do jogo. Tamb\u00e9m quero destacar Lucas, o menino jogou muito.<\/div>\n<div>H\u00e1 sete anos o S\u00e3o Paulo n\u00e3o vencia o Corinthians no Pacaembu. Hoje, o tabu foi pro espa\u00e7o num show de organiza\u00e7\u00e3o e sangue frio do time tricolor.<\/div>\n","protected":false},"excerpt":{"rendered":"<p>O Corinthians come\u00e7ou muito bem a partida, parecia que iria dominar dentro de campo. O gol aos seis minutos de \u00c9merson Sheik abriu os olhos <a class=\"read-more\" href=\"https:\/\/blogs.gazetaesportiva.com\/michellegiannella\/2012\/08\/26\/sao-paulo-quebra-tabu-e-vence-corinthians\/\">leia mais<\/a><\/p>\n","protected":false},"author":14,"featured_media":2102,"comment_status":"open","ping_status":"open","sticky":false,"template":"","format":"standard","meta":{"jetpack_post_was_ever_published":false,"_jetpack_newsletter_access":"","_jetpack_dont_email_post_to_subs":false,"_jetpack_newsletter_tier_id":0,"_jetpack_memberships_contains_paywalled_content":false,"_jetpack_memberships_contains_paid_content":false,"footnotes":"","jetpack_publicize_message":"","jetpack_publicize_feature_enabled":true,"jetpack_social_post_already_shared":false,"jetpack_social_options":{"image_generator_settings":{"template":"highway","default_image_id":0,"font":"","enabled":false},"version":2}},"categories":[1],"tags":[],"class_list":["post-2091","post","type-post","status-publish","format-standard","has-post-thumbnail","hentry","category-sem-categoria"],"jetpack_publicize_connections":[],"jetpack_featured_media_url":"https:\/\/blogs.gazetaesportiva.com\/michellegiannella\/files\/2012\/08\/blog_michele_SB.jpg","jetpack_sharing_enabled":true,"jetpack_shortlink":"https:\/\/wp.me\/p6rrMZ-xJ","_links":{"self":[{"href":"https:\/\/blogs.gazetaesportiva.com\/michellegiannella\/wp-json\/wp\/v2\/posts\/2091","targetHints":{"allow":["GET"]}}],"collection":[{"href":"https:\/\/blogs.gazetaesportiva.com\/michellegiannella\/wp-json\/wp\/v2\/posts"}],"about":[{"href":"https:\/\/blogs.gazetaesportiva.com\/michellegiannella\/wp-json\/wp\/v2\/types\/post"}],"author":[{"embeddable":true,"href":"https:\/\/blogs.gazetaesportiva.com\/michellegiannella\/wp-json\/wp\/v2\/users\/14"}],"replies":[{"embeddable":true,"href":"https:\/\/blogs.gazetaesportiva.com\/michellegiannella\/wp-json\/wp\/v2\/comments?post=2091"}],"version-history":[{"count":0,"href":"https:\/\/blogs.gazetaesportiva.com\/michellegiannella\/wp-json\/wp\/v2\/posts\/2091\/revisions"}],"wp:featuredmedia":[{"embeddable":true,"href":"https:\/\/blogs.gazetaesportiva.com\/michellegiannella\/wp-json\/wp\/v2\/media\/2102"}],"wp:attachment":[{"href":"https:\/\/blogs.gazetaesportiva.com\/michellegiannella\/wp-json\/wp\/v2\/media?parent=2091"}],"wp:term":[{"taxonomy":"category","embeddable":true,"href":"https:\/\/blogs.gazetaesportiva.com\/michellegiannella\/wp-json\/wp\/v2\/categories?post=2091"},{"taxonomy":"post_tag","embeddable":true,"href":"https:\/\/blogs.gazetaesportiva.com\/michellegiannella\/wp-json\/wp\/v2\/tags?post=2091"}],"curies":[{"name":"wp","href":"https:\/\/api.w.org\/{rel}","templated":true}]}}