{"id":2066,"date":"2012-08-15T18:23:13","date_gmt":"2012-08-15T21:23:13","guid":{"rendered":"https:\/\/blogs.gazetaesportiva.com\/michellegiannella\/?p=2066"},"modified":"2012-08-15T18:34:51","modified_gmt":"2012-08-15T21:34:51","slug":"voce-e-mano-do-mano","status":"publish","type":"post","link":"https:\/\/blogs.gazetaesportiva.com\/michellegiannella\/2012\/08\/15\/voce-e-mano-do-mano\/","title":{"rendered":"Voc\u00ea \u00e9 mano do Mano?"},"content":{"rendered":"<p><figure id=\"attachment_2068\" aria-describedby=\"caption-attachment-2068\" style=\"width: 595px\" class=\"wp-caption aligncenter\"><a href=\"https:\/\/blogs.gazetaesportiva.com\/michellegiannella\/files\/2012\/08\/mano_150812_mowa595.jpg\"><img loading=\"lazy\" decoding=\"async\" src=\"https:\/\/blogs.gazetaesportiva.com\/michellegiannella\/files\/2012\/08\/mano_150812_mowa595.jpg\" alt=\"Mowa Press\" title=\"Mowa Press\" width=\"595\" height=\"451\" class=\"size-full wp-image-2068\" \/><\/a><figcaption id=\"caption-attachment-2068\" class=\"wp-caption-text\">Mowa Press<\/figcaption><\/figure>Aqui na TV as opini\u00f5es s\u00e3o divididas. Celso Cardoso e Fl\u00e1vio Prado s\u00e3o\u00a0a favor da perman\u00eancia de Mano Menezes\u00a0\u00e0 frente da sele\u00e7\u00e3o brasileira. Osmar Garraffa e eu somos contr\u00e1rios \u00e0 continua\u00e7\u00e3o\u00a0do treinador no time.\u00a0<\/p>\n<p>Nem tanto pela medalha de prata na Olimp\u00edada de Londres, acho o resultado v\u00e1lido. O time tamb\u00e9m venceu a Su\u00e9cia hoje por 3 a 0, ok.\u00a0\u00a0A quest\u00e3o \u00e9 que pra mim a sele\u00e7\u00e3o \u00e9 uma inc\u00f3gnita. Poucos s\u00e3o os atletas que se consolidaram nesses \u00faltimos dois anos \u00e0 frente da equipe. Tamb\u00e9m acho que falta um esquema t\u00e1tico e\u00a0uma boa\u00a0forma\u00e7\u00e3o do time\u00a0em campo. Falta estilo. Falta assinatura. Falta uma marca. Poucas\u00a0s\u00e3o as jogadas ensaiadas.<\/p>\n<p>N\u00e3o quero pensar que o Brasil\u00a0n\u00e3o \u00e9 mais o pa\u00eds do futebol, como diz o Fl\u00e1vio Prado. Acredito que apesar de estarmos em d\u00e9cimo terceiro lugar na tabela mundial da Fifa, temos ra\u00e7a, drible e paix\u00e3o. Falta dire\u00e7\u00e3o.<\/p>\n<p>E voc\u00ea, o que pensa?\u00a0O espa\u00e7o \u00e9 todo seu.<\/p>\n","protected":false},"excerpt":{"rendered":"<p>Aqui na TV as opini\u00f5es s\u00e3o divididas. Celso Cardoso e Fl\u00e1vio Prado s\u00e3o\u00a0a favor da perman\u00eancia de Mano Menezes\u00a0\u00e0 frente da sele\u00e7\u00e3o brasileira. Osmar Garraffa <a class=\"read-more\" href=\"https:\/\/blogs.gazetaesportiva.com\/michellegiannella\/2012\/08\/15\/voce-e-mano-do-mano\/\">leia mais<\/a><\/p>\n","protected":false},"author":14,"featured_media":2068,"comment_status":"open","ping_status":"open","sticky":false,"template":"","format":"standard","meta":{"jetpack_post_was_ever_published":false,"_jetpack_newsletter_access":"","_jetpack_dont_email_post_to_subs":false,"_jetpack_newsletter_tier_id":0,"_jetpack_memberships_contains_paywalled_content":false,"_jetpack_memberships_contains_paid_content":false,"footnotes":"","jetpack_publicize_message":"","jetpack_publicize_feature_enabled":true,"jetpack_social_post_already_shared":false,"jetpack_social_options":{"image_generator_settings":{"template":"highway","default_image_id":0,"font":"","enabled":false},"version":2}},"categories":[1],"tags":[],"class_list":["post-2066","post","type-post","status-publish","format-standard","has-post-thumbnail","hentry","category-sem-categoria"],"jetpack_publicize_connections":[],"jetpack_featured_media_url":"https:\/\/blogs.gazetaesportiva.com\/michellegiannella\/files\/2012\/08\/mano_150812_mowa595.jpg","jetpack_sharing_enabled":true,"jetpack_shortlink":"https:\/\/wp.me\/p6rrMZ-xk","_links":{"self":[{"href":"https:\/\/blogs.gazetaesportiva.com\/michellegiannella\/wp-json\/wp\/v2\/posts\/2066","targetHints":{"allow":["GET"]}}],"collection":[{"href":"https:\/\/blogs.gazetaesportiva.com\/michellegiannella\/wp-json\/wp\/v2\/posts"}],"about":[{"href":"https:\/\/blogs.gazetaesportiva.com\/michellegiannella\/wp-json\/wp\/v2\/types\/post"}],"author":[{"embeddable":true,"href":"https:\/\/blogs.gazetaesportiva.com\/michellegiannella\/wp-json\/wp\/v2\/users\/14"}],"replies":[{"embeddable":true,"href":"https:\/\/blogs.gazetaesportiva.com\/michellegiannella\/wp-json\/wp\/v2\/comments?post=2066"}],"version-history":[{"count":0,"href":"https:\/\/blogs.gazetaesportiva.com\/michellegiannella\/wp-json\/wp\/v2\/posts\/2066\/revisions"}],"wp:featuredmedia":[{"embeddable":true,"href":"https:\/\/blogs.gazetaesportiva.com\/michellegiannella\/wp-json\/wp\/v2\/media\/2068"}],"wp:attachment":[{"href":"https:\/\/blogs.gazetaesportiva.com\/michellegiannella\/wp-json\/wp\/v2\/media?parent=2066"}],"wp:term":[{"taxonomy":"category","embeddable":true,"href":"https:\/\/blogs.gazetaesportiva.com\/michellegiannella\/wp-json\/wp\/v2\/categories?post=2066"},{"taxonomy":"post_tag","embeddable":true,"href":"https:\/\/blogs.gazetaesportiva.com\/michellegiannella\/wp-json\/wp\/v2\/tags?post=2066"}],"curies":[{"name":"wp","href":"https:\/\/api.w.org\/{rel}","templated":true}]}}