{"id":2049,"date":"2012-08-09T18:59:16","date_gmt":"2012-08-09T21:59:16","guid":{"rendered":"https:\/\/blogs.gazetaesportiva.com\/michellegiannella\/?p=2049"},"modified":"2012-08-09T19:41:25","modified_gmt":"2012-08-09T22:41:25","slug":"a-maior-transacao-do-futebol-brasileiro","status":"publish","type":"post","link":"https:\/\/blogs.gazetaesportiva.com\/michellegiannella\/2012\/08\/09\/a-maior-transacao-do-futebol-brasileiro\/","title":{"rendered":"A maior transa\u00e7\u00e3o do futebol brasileiro"},"content":{"rendered":"<div>\n<div>\n<div dir=\"ltr\"><a href=\"https:\/\/blogs.gazetaesportiva.com\/michellegiannella\/files\/2012\/08\/lucas_540_fd.jpg\"><img loading=\"lazy\" decoding=\"async\" class=\"aligncenter size-full wp-image-2055\" title=\"Foto: AFP\" src=\"https:\/\/blogs.gazetaesportiva.com\/michellegiannella\/files\/2012\/08\/lucas_540_fd.jpg\" alt=\"Foto: AFP\" width=\"540\" height=\"400\" \/><\/a>A diretoria do S<span style=\"font-family: Arial;\">\u00e3<\/span>o Paulo confirmou ontem\u00a0, dia 08 de\u00a0agosto,\u00a0a\u00a0maior transa\u00e7\u00e3o da hist\u00f3ria do futebol brasileiro:\u00a0a venda do meia-atacante Lucas para o Paris Saint-Germain, da Fran\u00e7a.<\/div>\n<div dir=\"ltr\">A quantia acertada foi\u00a0nada mais, nada menos do que 43 milh<span style=\"font-family: Arial;\">\u00f5<\/span>es de euros, ou seja, pouco mais de R$ 108 milh<span style=\"font-family: Arial;\">\u00f5<\/span>es de reais!\u00a0\u00c9 tanto dinheiro que a gente n\u00e3o consegue nem imaginar. Mas a negocia<span style=\"font-family: Arial;\">\u00e7\u00e3<\/span>o n<span style=\"font-family: Arial;\">\u00e3<\/span>o parou por a\u00ed. O\u00a0tricolor vai receber a parte referente ao clube\u00a0\u00e0 vista (por volta de R$ 75 milh\u00f5es de reais).\u00a0 Lucas, que det\u00e9m 30% de seus direitos econ\u00f4micos, ficar\u00e1\u00a0com o valor de R$ 32 milh\u00f5es. Detalhe, o atleta\u00a0s\u00f3\u00a0vai ser entregue ao PSG\u00a0depois que o campeonato brasileiro acabar. T\u00e1 bom ou quer mais, torcida tricolor?<\/div>\n<div dir=\"ltr\">Minha opini\u00e3o: se eu fosse o Lucas tamb\u00e9m iria embora. \u00c9\u00a0muuuito dinheiro e ele est\u00e1 feito pro resto da vida. Quanto\u00a0ao\u00a0atleta\u00a0continuar no Tricolor\u00a0at\u00e9 o final do ano, n\u00e3o acho legal. Seria melhor para o Lucas (at\u00e9 mesmo\u00a0para evitar um eventual desgaste dele com a torcida) que fosse embora para a Fran\u00e7a. Assim, ele iria se ambientando \u00e0 vida na Europa, ao idioma, ao clima&#8230; J\u00e1 pensou que chato se o atleta se machucar, ou pior, se ele n\u00e3o jogar t\u00e3o bem e a torcida cobr\u00e1-lo dizendo que est\u00e1 tirando o p\u00e9?<\/div>\n<div dir=\"ltr\">Enfim, o espa\u00e7o \u00e9 seu. Quero muito saber a sua opini\u00e3o. Escreva pra mim! Beijo.<\/div>\n<\/div>\n<\/div>\n","protected":false},"excerpt":{"rendered":"<p>A diretoria do S\u00e3o Paulo confirmou ontem\u00a0, dia 08 de\u00a0agosto,\u00a0a\u00a0maior transa\u00e7\u00e3o da hist\u00f3ria do futebol brasileiro:\u00a0a venda do meia-atacante Lucas para o Paris Saint-Germain, da <a class=\"read-more\" href=\"https:\/\/blogs.gazetaesportiva.com\/michellegiannella\/2012\/08\/09\/a-maior-transacao-do-futebol-brasileiro\/\">leia mais<\/a><\/p>\n","protected":false},"author":14,"featured_media":2055,"comment_status":"open","ping_status":"open","sticky":false,"template":"","format":"standard","meta":{"jetpack_post_was_ever_published":false,"_jetpack_newsletter_access":"","_jetpack_dont_email_post_to_subs":false,"_jetpack_newsletter_tier_id":0,"_jetpack_memberships_contains_paywalled_content":false,"_jetpack_memberships_contains_paid_content":false,"footnotes":"","jetpack_publicize_message":"","jetpack_publicize_feature_enabled":true,"jetpack_social_post_already_shared":false,"jetpack_social_options":{"image_generator_settings":{"template":"highway","default_image_id":0,"font":"","enabled":false},"version":2}},"categories":[1],"tags":[],"class_list":["post-2049","post","type-post","status-publish","format-standard","has-post-thumbnail","hentry","category-sem-categoria"],"jetpack_publicize_connections":[],"jetpack_featured_media_url":"https:\/\/blogs.gazetaesportiva.com\/michellegiannella\/files\/2012\/08\/lucas_540_fd.jpg","jetpack_sharing_enabled":true,"jetpack_shortlink":"https:\/\/wp.me\/p6rrMZ-x3","_links":{"self":[{"href":"https:\/\/blogs.gazetaesportiva.com\/michellegiannella\/wp-json\/wp\/v2\/posts\/2049","targetHints":{"allow":["GET"]}}],"collection":[{"href":"https:\/\/blogs.gazetaesportiva.com\/michellegiannella\/wp-json\/wp\/v2\/posts"}],"about":[{"href":"https:\/\/blogs.gazetaesportiva.com\/michellegiannella\/wp-json\/wp\/v2\/types\/post"}],"author":[{"embeddable":true,"href":"https:\/\/blogs.gazetaesportiva.com\/michellegiannella\/wp-json\/wp\/v2\/users\/14"}],"replies":[{"embeddable":true,"href":"https:\/\/blogs.gazetaesportiva.com\/michellegiannella\/wp-json\/wp\/v2\/comments?post=2049"}],"version-history":[{"count":0,"href":"https:\/\/blogs.gazetaesportiva.com\/michellegiannella\/wp-json\/wp\/v2\/posts\/2049\/revisions"}],"wp:featuredmedia":[{"embeddable":true,"href":"https:\/\/blogs.gazetaesportiva.com\/michellegiannella\/wp-json\/wp\/v2\/media\/2055"}],"wp:attachment":[{"href":"https:\/\/blogs.gazetaesportiva.com\/michellegiannella\/wp-json\/wp\/v2\/media?parent=2049"}],"wp:term":[{"taxonomy":"category","embeddable":true,"href":"https:\/\/blogs.gazetaesportiva.com\/michellegiannella\/wp-json\/wp\/v2\/categories?post=2049"},{"taxonomy":"post_tag","embeddable":true,"href":"https:\/\/blogs.gazetaesportiva.com\/michellegiannella\/wp-json\/wp\/v2\/tags?post=2049"}],"curies":[{"name":"wp","href":"https:\/\/api.w.org\/{rel}","templated":true}]}}