{"id":2041,"date":"2012-08-06T21:59:25","date_gmt":"2012-08-07T00:59:25","guid":{"rendered":"https:\/\/blogs.gazetaesportiva.com\/michellegiannella\/?p=2041"},"modified":"2012-08-06T22:05:37","modified_gmt":"2012-08-07T01:05:37","slug":"mesa-redonda-05-de-agosto","status":"publish","type":"post","link":"https:\/\/blogs.gazetaesportiva.com\/michellegiannella\/2012\/08\/06\/mesa-redonda-05-de-agosto\/","title":{"rendered":"Mesa redonda 05 de agosto"},"content":{"rendered":"<p><a href=\"https:\/\/blogs.gazetaesportiva.com\/michellegiannella\/files\/2012\/08\/ag1.jpg\"><img loading=\"lazy\" decoding=\"async\" class=\"aligncenter size-full wp-image-2042\" src=\"https:\/\/blogs.gazetaesportiva.com\/michellegiannella\/files\/2012\/08\/ag1.jpg\" alt=\"\" width=\"595\" height=\"590\" \/><\/a><\/p>\n<p>O programa contou com as presen\u00e7as do treinador Ney Franco, de Fernandinho, jogador do Palmeiras e de Roberto Andrade, diretor de futebol do Corinthians.<\/p>\n<p><a href=\"https:\/\/blogs.gazetaesportiva.com\/michellegiannella\/files\/2012\/08\/DSC01887a.jpg\"><img loading=\"lazy\" decoding=\"async\" class=\"aligncenter size-full wp-image-2043\" src=\"https:\/\/blogs.gazetaesportiva.com\/michellegiannella\/files\/2012\/08\/DSC01887a.jpg\" alt=\"\" width=\"595\" height=\"446\" \/><\/a><\/p>\n<p>O treinador Ney Franco, do S\u00e3o Paulo, muito simp\u00e1tico, respondeu um r\u00e1pido bate-bola pra mim nos bastidores:<\/p>\n<p><strong>Nas horas de folga<\/strong>: Gosto de curtir a fam\u00edlia, minha filhinha de 2 anos e meu filho de 6 anos.<br \/>\n(Curiosidade: Ney tamb\u00e9m adora tocar viol\u00e3o).<br \/>\n<strong>Um medo<\/strong>: \u00a0N\u00e3o poder exercer minha profiss\u00e3o por um problema de sa\u00fade.<br \/>\n<strong>Um lugar<\/strong>: Rio de Janeiro<br \/>\n<strong>Melhor Jogador que j\u00e1 viu jogar<\/strong>: Maradona<br \/>\n<strong>Melhor jogador da atualidade<\/strong>: Messi<br \/>\n<strong>A parte ruim de ser um treinador de futebol \u00e9&#8230;<\/strong> ter que ficar se justificando o tempo todo, tendo que dar explica\u00e7\u00f5es.<br \/>\n<strong>Como encara as cobran\u00e7as:<\/strong> com muita naturalidade, para ser treinador \u00e9 importante saber se posicionar<br \/>\n<strong>Um sonho:<\/strong> Ser campe\u00e3o como treinador da sele\u00e7\u00e3o\u00a0brasileira na\u00a0Copa do Mundo<\/p>\n<p><a href=\"https:\/\/blogs.gazetaesportiva.com\/michellegiannella\/files\/2012\/08\/DSC01888a.jpg\"><img loading=\"lazy\" decoding=\"async\" class=\"aligncenter size-full wp-image-2044\" src=\"https:\/\/blogs.gazetaesportiva.com\/michellegiannella\/files\/2012\/08\/DSC01888a.jpg\" alt=\"\" width=\"595\" height=\"446\" \/><\/a><\/p>\n<p><span style=\"font-size: small\"><span style=\"font-family: Calibri\">&#8220;Tenho que agradecer por tudo que ele fez no Corinthians, pela pessoa e atleta que \u00e9. Quando o contrato dele estava para vencer, o procuramos e falamos com ele. A gente n\u00e3o queria fazer um contrato muito longo e os representantes dele queriam um contrato de um ano e meio. Liberamos o Li\u00e9dson para negociar e deu certo com o Flamengo. &#8221; &#8211; frase de R<\/span><\/span><span style=\"font-family: Calibri;font-size: medium\">oberto Andrade, diretor de futebol do Corinthians, sobre a sa\u00edda de\u00a0Li\u00e9dson do time durante o programa Mesa Redonda.<\/span><\/p>\n<p><span style=\"font-family: Calibri;font-size: medium\"><a href=\"https:\/\/blogs.gazetaesportiva.com\/michellegiannella\/files\/2012\/08\/DSC01886.jpg\"><img loading=\"lazy\" decoding=\"async\" class=\"aligncenter size-full wp-image-2045\" src=\"https:\/\/blogs.gazetaesportiva.com\/michellegiannella\/files\/2012\/08\/DSC01886.jpg\" alt=\"\" width=\"595\" height=\"446\" \/><\/a><br \/>\n<\/span><\/p>\n","protected":false},"excerpt":{"rendered":"<p>O programa contou com as presen\u00e7as do treinador Ney Franco, de Fernandinho, jogador do Palmeiras e de Roberto Andrade, diretor de futebol do Corinthians. O <a class=\"read-more\" href=\"https:\/\/blogs.gazetaesportiva.com\/michellegiannella\/2012\/08\/06\/mesa-redonda-05-de-agosto\/\">leia mais<\/a><\/p>\n","protected":false},"author":14,"featured_media":2045,"comment_status":"open","ping_status":"open","sticky":false,"template":"","format":"standard","meta":{"jetpack_post_was_ever_published":false,"_jetpack_newsletter_access":"","_jetpack_dont_email_post_to_subs":false,"_jetpack_newsletter_tier_id":0,"_jetpack_memberships_contains_paywalled_content":false,"_jetpack_memberships_contains_paid_content":false,"footnotes":"","jetpack_publicize_message":"","jetpack_publicize_feature_enabled":true,"jetpack_social_post_already_shared":false,"jetpack_social_options":{"image_generator_settings":{"template":"highway","default_image_id":0,"font":"","enabled":false},"version":2}},"categories":[1],"tags":[],"class_list":["post-2041","post","type-post","status-publish","format-standard","has-post-thumbnail","hentry","category-sem-categoria"],"jetpack_publicize_connections":[],"jetpack_featured_media_url":"https:\/\/blogs.gazetaesportiva.com\/michellegiannella\/files\/2012\/08\/DSC01886.jpg","jetpack_sharing_enabled":true,"jetpack_shortlink":"https:\/\/wp.me\/p6rrMZ-wV","_links":{"self":[{"href":"https:\/\/blogs.gazetaesportiva.com\/michellegiannella\/wp-json\/wp\/v2\/posts\/2041","targetHints":{"allow":["GET"]}}],"collection":[{"href":"https:\/\/blogs.gazetaesportiva.com\/michellegiannella\/wp-json\/wp\/v2\/posts"}],"about":[{"href":"https:\/\/blogs.gazetaesportiva.com\/michellegiannella\/wp-json\/wp\/v2\/types\/post"}],"author":[{"embeddable":true,"href":"https:\/\/blogs.gazetaesportiva.com\/michellegiannella\/wp-json\/wp\/v2\/users\/14"}],"replies":[{"embeddable":true,"href":"https:\/\/blogs.gazetaesportiva.com\/michellegiannella\/wp-json\/wp\/v2\/comments?post=2041"}],"version-history":[{"count":0,"href":"https:\/\/blogs.gazetaesportiva.com\/michellegiannella\/wp-json\/wp\/v2\/posts\/2041\/revisions"}],"wp:featuredmedia":[{"embeddable":true,"href":"https:\/\/blogs.gazetaesportiva.com\/michellegiannella\/wp-json\/wp\/v2\/media\/2045"}],"wp:attachment":[{"href":"https:\/\/blogs.gazetaesportiva.com\/michellegiannella\/wp-json\/wp\/v2\/media?parent=2041"}],"wp:term":[{"taxonomy":"category","embeddable":true,"href":"https:\/\/blogs.gazetaesportiva.com\/michellegiannella\/wp-json\/wp\/v2\/categories?post=2041"},{"taxonomy":"post_tag","embeddable":true,"href":"https:\/\/blogs.gazetaesportiva.com\/michellegiannella\/wp-json\/wp\/v2\/tags?post=2041"}],"curies":[{"name":"wp","href":"https:\/\/api.w.org\/{rel}","templated":true}]}}