{"id":2014,"date":"2012-07-05T11:32:48","date_gmt":"2012-07-05T14:32:48","guid":{"rendered":"https:\/\/blogs.gazetaesportiva.com\/michellegiannella\/?p=2014"},"modified":"2012-07-05T11:39:30","modified_gmt":"2012-07-05T14:39:30","slug":"invicto-impecavel-e-incontestavel","status":"publish","type":"post","link":"https:\/\/blogs.gazetaesportiva.com\/michellegiannella\/2012\/07\/05\/invicto-impecavel-e-incontestavel\/","title":{"rendered":"Invicto, impec\u00e1vel e incontest\u00e1vel"},"content":{"rendered":"<p>Que jogo, que apresenta\u00e7\u00e3o!<\/p>\n<p>Uma parte da equipe de esportes da TV Gazeta se reuniu ontem na reda\u00e7\u00e3o para ver o jogo. Eu, Celso, Chileno, Caio, Jonas, Barbosa, Jo\u00e3o, Gurian e Primo. Est\u00e1vamos todos a trabalho preparando o programa que entraria no ar ap\u00f3s a partida. A outra parte foi pra rua e para o est\u00e1dio fazer a cobertura da festa. N\u00e3o importa onde qualquer um de n\u00f3s estivesse, a emo\u00e7\u00e3o e a euforia tomavam conta da cidade.<\/p>\n<p>Foi impressionante, eram nove da noite e Avenida Paulista estava praticamente deserta. Era poss\u00edvel ouvir alguns sons de vuvuzelas, vozes gritando &#8220;Vai, Corinthians&#8221; e entoando hinos, mas todo mundo foi pra casa, para os bares, para o Pacaembu ou pro Anhembi curtir o jogo mais importante da hist\u00f3ria do Corinthians. Clima de Copa do Mundo com a empolga\u00e7\u00e3o dos tempos em que a sele\u00e7\u00e3o brasileira realmente parava o Brasil.<\/p>\n<p>Se o Corinthians ganhasse, consagra\u00e7\u00e3o total, o time venceria sendo <strong>invicto<\/strong>. Se perdesse, a piada j\u00e1 estava pronta.<\/p>\n<p>Mas n\u00e3o deu outra. Apesar da catimba dos argentinos, da deslealdade de El Tanque, da habilidade de Riquelme, venceu o melhor. O Corinthians conseguiu superar a saga. O time teve uma apresenta\u00e7\u00e3o <strong>impec\u00e1vel<\/strong>. A defesa, como sempre, esteve perfeita. C\u00e1ssio, foi preciso nas bolas e \u00c9merson Sheik, o predestinado, marcou dois gols em cima do time mais marrento da face da Terra. O cara jogou muito ontem, fez uma das melhores apresenta\u00e7\u00f5es de sua carreira, soube agir com a cabe\u00e7a contra os argentinos e marcou dois pra calar a boca de qualquer um.<\/p>\n<p>Enfim, cada um dos jogadores do Corinthians teve participa\u00e7\u00e3o fundamental nesse t\u00edtulo, seja neste jogo ou nos outros. Nunca vi uma equipe t\u00e3o consistente, unida e determinada. Uma verdadeira orquestra no futebol porque todos trabalham em sintonia. E a\u00ed entra ele, Tite, o m\u00e9rito \u00e9 todo do treinador por esse esquema t\u00e1tico, bem como pela uni\u00e3o que conseguiu criar na equipe e, sobretudo, pelo equil\u00edbrio dos atletas dentro de campo.<\/p>\n<p>Um time composto por jogadores que j\u00e1 estiveram na reserva, um treinador que quase foi demitido, uma na\u00e7\u00e3o alvinegra desesperada pra gritar \u00e9 campe\u00e3o que fez uma festa de arrepiar. Foi uma vit\u00f3ria linda, <strong>incontest\u00e1vel. <\/strong><\/p>\n<p><strong>Parab\u00e9ns, Corinthians e corintianos: time invicto, apresenta\u00e7\u00e3o impec\u00e1vel e vit\u00f3ria incontest\u00e1vel. Ontem a paix\u00e3o de voc\u00eas parou a maior cidade da Am\u00e9rica Latina. <\/strong><\/p>\n","protected":false},"excerpt":{"rendered":"<p>Que jogo, que apresenta\u00e7\u00e3o! Uma parte da equipe de esportes da TV Gazeta se reuniu ontem na reda\u00e7\u00e3o para ver o jogo. Eu, Celso, Chileno, <a class=\"read-more\" href=\"https:\/\/blogs.gazetaesportiva.com\/michellegiannella\/2012\/07\/05\/invicto-impecavel-e-incontestavel\/\">leia mais<\/a><\/p>\n","protected":false},"author":14,"featured_media":0,"comment_status":"open","ping_status":"open","sticky":false,"template":"","format":"standard","meta":{"jetpack_post_was_ever_published":false,"_jetpack_newsletter_access":"","_jetpack_dont_email_post_to_subs":false,"_jetpack_newsletter_tier_id":0,"_jetpack_memberships_contains_paywalled_content":false,"_jetpack_memberships_contains_paid_content":false,"footnotes":"","jetpack_publicize_message":"","jetpack_publicize_feature_enabled":true,"jetpack_social_post_already_shared":false,"jetpack_social_options":{"image_generator_settings":{"template":"highway","default_image_id":0,"font":"","enabled":false},"version":2}},"categories":[1],"tags":[],"class_list":["post-2014","post","type-post","status-publish","format-standard","hentry","category-sem-categoria"],"jetpack_publicize_connections":[],"jetpack_featured_media_url":"","jetpack_sharing_enabled":true,"jetpack_shortlink":"https:\/\/wp.me\/p6rrMZ-wu","_links":{"self":[{"href":"https:\/\/blogs.gazetaesportiva.com\/michellegiannella\/wp-json\/wp\/v2\/posts\/2014","targetHints":{"allow":["GET"]}}],"collection":[{"href":"https:\/\/blogs.gazetaesportiva.com\/michellegiannella\/wp-json\/wp\/v2\/posts"}],"about":[{"href":"https:\/\/blogs.gazetaesportiva.com\/michellegiannella\/wp-json\/wp\/v2\/types\/post"}],"author":[{"embeddable":true,"href":"https:\/\/blogs.gazetaesportiva.com\/michellegiannella\/wp-json\/wp\/v2\/users\/14"}],"replies":[{"embeddable":true,"href":"https:\/\/blogs.gazetaesportiva.com\/michellegiannella\/wp-json\/wp\/v2\/comments?post=2014"}],"version-history":[{"count":0,"href":"https:\/\/blogs.gazetaesportiva.com\/michellegiannella\/wp-json\/wp\/v2\/posts\/2014\/revisions"}],"wp:attachment":[{"href":"https:\/\/blogs.gazetaesportiva.com\/michellegiannella\/wp-json\/wp\/v2\/media?parent=2014"}],"wp:term":[{"taxonomy":"category","embeddable":true,"href":"https:\/\/blogs.gazetaesportiva.com\/michellegiannella\/wp-json\/wp\/v2\/categories?post=2014"},{"taxonomy":"post_tag","embeddable":true,"href":"https:\/\/blogs.gazetaesportiva.com\/michellegiannella\/wp-json\/wp\/v2\/tags?post=2014"}],"curies":[{"name":"wp","href":"https:\/\/api.w.org\/{rel}","templated":true}]}}