{"id":1987,"date":"2012-06-28T00:00:25","date_gmt":"2012-06-28T03:00:25","guid":{"rendered":"https:\/\/blogs.gazetaesportiva.com\/michellegiannella\/?p=1987"},"modified":"2012-06-28T00:06:10","modified_gmt":"2012-06-28T03:06:10","slug":"romarinho-calou-o-boca","status":"publish","type":"post","link":"https:\/\/blogs.gazetaesportiva.com\/michellegiannella\/2012\/06\/28\/romarinho-calou-o-boca\/","title":{"rendered":"Romarinho cala o Boca"},"content":{"rendered":"<figure id=\"attachment_1997\" aria-describedby=\"caption-attachment-1997\" style=\"width: 595px\" class=\"wp-caption aligncenter\"><a href=\"https:\/\/blogs.gazetaesportiva.com\/michellegiannella\/files\/2012\/06\/romarinho595.jpg\"><img loading=\"lazy\" decoding=\"async\" class=\"size-full wp-image-1997\" src=\"https:\/\/blogs.gazetaesportiva.com\/michellegiannella\/files\/2012\/06\/romarinho595.jpg\" alt=\"Djalma Vass\u00e3o\/Gazeta Press\" width=\"595\" height=\"396\" \/><\/a><figcaption id=\"caption-attachment-1997\" class=\"wp-caption-text\">Djalma Vass\u00e3o\/Gazeta Press<\/figcaption><\/figure>\n<p>Mama mia, que jogo! \u00a0A torcida do Boca cantou o tempo todo, at\u00e9 fiquei tonta em casa com o som, parecia um mantra. O est\u00e1dio Alberto Jacinto Armando, vulgo La Bombonera, \u00e9 realmente m\u00edtico. O clima l\u00e1 n\u00e3o \u00e9 tenso, \u00e9 MUUUITO tenso.<\/p>\n<p>O jogo foi muito dif\u00edcil, mas o Corinthians n\u00e3o se encolheu e n\u00e3o entrou na catimba dos argentinos, principalmente de Erviti, que tentou desestabilizar o Sheik a qualquer custo.<\/p>\n<p>A defesa do Tim\u00e3o esteve impec\u00e1vel, muito competente como sempre, n\u00e3o \u00e9 \u00e0 toa que \u00e9 a melhor defesa da hist\u00f3ria da Libertadores. Alessandro foi muito bem.<\/p>\n<p>Os hermanos tiveram bastante posse de bola, trabalharam muito\u00a0bem no in\u00edcio do segundo tempo, apertaram o Corinthians, at\u00e9 que saiu o gol com\u00a0Roncaglia. Festa em La Bombonera. O est\u00e1dio quase veio abaixo.<\/p>\n<p>Mesmo assim o Corinthians n\u00e3o se intimidou. A\u00a0festa teve outro nome e outro dono: Romarinho. A estrela entrou no lugar de Danilo e no primeiro toque na bola marcou o gol. Inacredit\u00e1vel! Que frieza! Surge a j\u00f3ia corintiana. O iluminaaaaaado!<\/p>\n<p>No final, aos 46 do segundo tempo, at\u00e9 a trave estava a favor do Corinthians.<\/p>\n<p>A decis\u00e3o vai ser no Pacaembu. Dale Corinthians! O Tim\u00e3o est\u00e1 com uma m\u00e3o na ta\u00e7a.<\/p>\n","protected":false},"excerpt":{"rendered":"<p>Mama mia, que jogo! \u00a0A torcida do Boca cantou o tempo todo, at\u00e9 fiquei tonta em casa com o som, parecia um mantra. O est\u00e1dio <a class=\"read-more\" href=\"https:\/\/blogs.gazetaesportiva.com\/michellegiannella\/2012\/06\/28\/romarinho-calou-o-boca\/\">leia mais<\/a><\/p>\n","protected":false},"author":14,"featured_media":1997,"comment_status":"open","ping_status":"open","sticky":false,"template":"","format":"standard","meta":{"jetpack_post_was_ever_published":false,"_jetpack_newsletter_access":"","_jetpack_dont_email_post_to_subs":false,"_jetpack_newsletter_tier_id":0,"_jetpack_memberships_contains_paywalled_content":false,"_jetpack_memberships_contains_paid_content":false,"footnotes":"","jetpack_publicize_message":"","jetpack_publicize_feature_enabled":true,"jetpack_social_post_already_shared":false,"jetpack_social_options":{"image_generator_settings":{"template":"highway","default_image_id":0,"font":"","enabled":false},"version":2}},"categories":[1],"tags":[],"class_list":["post-1987","post","type-post","status-publish","format-standard","has-post-thumbnail","hentry","category-sem-categoria"],"jetpack_publicize_connections":[],"jetpack_featured_media_url":"https:\/\/blogs.gazetaesportiva.com\/michellegiannella\/files\/2012\/06\/romarinho595.jpg","jetpack_sharing_enabled":true,"jetpack_shortlink":"https:\/\/wp.me\/p6rrMZ-w3","_links":{"self":[{"href":"https:\/\/blogs.gazetaesportiva.com\/michellegiannella\/wp-json\/wp\/v2\/posts\/1987","targetHints":{"allow":["GET"]}}],"collection":[{"href":"https:\/\/blogs.gazetaesportiva.com\/michellegiannella\/wp-json\/wp\/v2\/posts"}],"about":[{"href":"https:\/\/blogs.gazetaesportiva.com\/michellegiannella\/wp-json\/wp\/v2\/types\/post"}],"author":[{"embeddable":true,"href":"https:\/\/blogs.gazetaesportiva.com\/michellegiannella\/wp-json\/wp\/v2\/users\/14"}],"replies":[{"embeddable":true,"href":"https:\/\/blogs.gazetaesportiva.com\/michellegiannella\/wp-json\/wp\/v2\/comments?post=1987"}],"version-history":[{"count":0,"href":"https:\/\/blogs.gazetaesportiva.com\/michellegiannella\/wp-json\/wp\/v2\/posts\/1987\/revisions"}],"wp:featuredmedia":[{"embeddable":true,"href":"https:\/\/blogs.gazetaesportiva.com\/michellegiannella\/wp-json\/wp\/v2\/media\/1997"}],"wp:attachment":[{"href":"https:\/\/blogs.gazetaesportiva.com\/michellegiannella\/wp-json\/wp\/v2\/media?parent=1987"}],"wp:term":[{"taxonomy":"category","embeddable":true,"href":"https:\/\/blogs.gazetaesportiva.com\/michellegiannella\/wp-json\/wp\/v2\/categories?post=1987"},{"taxonomy":"post_tag","embeddable":true,"href":"https:\/\/blogs.gazetaesportiva.com\/michellegiannella\/wp-json\/wp\/v2\/tags?post=1987"}],"curies":[{"name":"wp","href":"https:\/\/api.w.org\/{rel}","templated":true}]}}