{"id":1979,"date":"2012-06-26T19:00:58","date_gmt":"2012-06-26T22:00:58","guid":{"rendered":"https:\/\/blogs.gazetaesportiva.com\/michellegiannella\/?p=1979"},"modified":"2012-06-26T19:06:44","modified_gmt":"2012-06-26T22:06:44","slug":"a-casa-caiu-leao-e-demitido","status":"publish","type":"post","link":"https:\/\/blogs.gazetaesportiva.com\/michellegiannella\/2012\/06\/26\/a-casa-caiu-leao-e-demitido\/","title":{"rendered":"A casa caiu: Le\u00e3o \u00e9 demitido"},"content":{"rendered":"<p><figure id=\"attachment_1985\" aria-describedby=\"caption-attachment-1985\" style=\"width: 595px\" class=\"wp-caption aligncenter\"><a href=\"https:\/\/blogs.gazetaesportiva.com\/michellegiannella\/files\/2012\/06\/leao02_sb.jpg\"><img loading=\"lazy\" decoding=\"async\" src=\"https:\/\/blogs.gazetaesportiva.com\/michellegiannella\/files\/2012\/06\/leao02_sb.jpg\" alt=\"S\u00e9rgio Barzaghi\/Gazeta Press\" title=\"S\u00e9rgio Barzaghi\/Gazeta Press\" width=\"595\" height=\"400\" class=\"size-full wp-image-1985\" \/><\/a><figcaption id=\"caption-attachment-1985\" class=\"wp-caption-text\">S\u00e9rgio Barzaghi\/Gazeta Press<\/figcaption><\/figure>O time estava\u00a0desarrumado. Essa foi uma das justificativas do presidente do S\u00e3o Paulo, Juvenal Juv\u00eancio, para a demiss\u00e3o do treinador \u00c9merson Le\u00e3o.\u00a0Foram oito meses\u00a0tentando comandar o clube: 44 jogos, 26 vit\u00f3rias, 6 empates e 12 derrotas. Tentando porque\u00a0o treinador n\u00e3o tinha autonomia dentro do clube.\u00a0O pr\u00f3prio Juvenal Juv\u00eancio disse que no S\u00e3o Paulo, t\u00e9cnico\u00a0n\u00e3o diz quem deve ser contratado. &#8220;Aqui a gente contrata quem\u00a0quer e p\u00f5e pra jogar&#8221;, afirmou o presidente.<\/p>\n<p>Enfim, por essa afirma\u00e7\u00e3o e por outras, percebemos que n\u00e3o existe harmonia entre dire\u00e7\u00e3o e equipe. N\u00e3o existe sintonia entre qualquer treinador que seja e o comando do time. Uma pena.<\/p>\n<p>A desorganiza\u00e7\u00e3o na dire\u00e7\u00e3o do S\u00e3o Paulo se reflete dentro de campo. Muito estranho, ainda mais vindo de um clube\u00a0que\u00a0j\u00e1 foi\u00a0exemplo de \u00f3tima administra\u00e7\u00e3o e compet\u00eancia. Mas isso, por enquanto,\u00a0\u00e9 coisa do passado&#8230;<\/p>\n","protected":false},"excerpt":{"rendered":"<p>O time estava\u00a0desarrumado. Essa foi uma das justificativas do presidente do S\u00e3o Paulo, Juvenal Juv\u00eancio, para a demiss\u00e3o do treinador \u00c9merson Le\u00e3o.\u00a0Foram oito meses\u00a0tentando comandar <a class=\"read-more\" href=\"https:\/\/blogs.gazetaesportiva.com\/michellegiannella\/2012\/06\/26\/a-casa-caiu-leao-e-demitido\/\">leia mais<\/a><\/p>\n","protected":false},"author":14,"featured_media":1985,"comment_status":"open","ping_status":"open","sticky":false,"template":"","format":"standard","meta":{"jetpack_post_was_ever_published":false,"_jetpack_newsletter_access":"","_jetpack_dont_email_post_to_subs":false,"_jetpack_newsletter_tier_id":0,"_jetpack_memberships_contains_paywalled_content":false,"_jetpack_memberships_contains_paid_content":false,"footnotes":"","jetpack_publicize_message":"","jetpack_publicize_feature_enabled":true,"jetpack_social_post_already_shared":false,"jetpack_social_options":{"image_generator_settings":{"template":"highway","default_image_id":0,"font":"","enabled":false},"version":2}},"categories":[1],"tags":[],"class_list":["post-1979","post","type-post","status-publish","format-standard","has-post-thumbnail","hentry","category-sem-categoria"],"jetpack_publicize_connections":[],"jetpack_featured_media_url":"https:\/\/blogs.gazetaesportiva.com\/michellegiannella\/files\/2012\/06\/leao02_sb.jpg","jetpack_sharing_enabled":true,"jetpack_shortlink":"https:\/\/wp.me\/p6rrMZ-vV","_links":{"self":[{"href":"https:\/\/blogs.gazetaesportiva.com\/michellegiannella\/wp-json\/wp\/v2\/posts\/1979","targetHints":{"allow":["GET"]}}],"collection":[{"href":"https:\/\/blogs.gazetaesportiva.com\/michellegiannella\/wp-json\/wp\/v2\/posts"}],"about":[{"href":"https:\/\/blogs.gazetaesportiva.com\/michellegiannella\/wp-json\/wp\/v2\/types\/post"}],"author":[{"embeddable":true,"href":"https:\/\/blogs.gazetaesportiva.com\/michellegiannella\/wp-json\/wp\/v2\/users\/14"}],"replies":[{"embeddable":true,"href":"https:\/\/blogs.gazetaesportiva.com\/michellegiannella\/wp-json\/wp\/v2\/comments?post=1979"}],"version-history":[{"count":0,"href":"https:\/\/blogs.gazetaesportiva.com\/michellegiannella\/wp-json\/wp\/v2\/posts\/1979\/revisions"}],"wp:featuredmedia":[{"embeddable":true,"href":"https:\/\/blogs.gazetaesportiva.com\/michellegiannella\/wp-json\/wp\/v2\/media\/1985"}],"wp:attachment":[{"href":"https:\/\/blogs.gazetaesportiva.com\/michellegiannella\/wp-json\/wp\/v2\/media?parent=1979"}],"wp:term":[{"taxonomy":"category","embeddable":true,"href":"https:\/\/blogs.gazetaesportiva.com\/michellegiannella\/wp-json\/wp\/v2\/categories?post=1979"},{"taxonomy":"post_tag","embeddable":true,"href":"https:\/\/blogs.gazetaesportiva.com\/michellegiannella\/wp-json\/wp\/v2\/tags?post=1979"}],"curies":[{"name":"wp","href":"https:\/\/api.w.org\/{rel}","templated":true}]}}