{"id":1965,"date":"2012-06-20T23:59:55","date_gmt":"2012-06-21T02:59:55","guid":{"rendered":"https:\/\/blogs.gazetaesportiva.com\/michellegiannella\/?p=1965"},"modified":"2012-06-21T00:08:30","modified_gmt":"2012-06-21T03:08:30","slug":"e-o-time-do-povo-na-final-da-libertadores","status":"publish","type":"post","link":"https:\/\/blogs.gazetaesportiva.com\/michellegiannella\/2012\/06\/20\/e-o-time-do-povo-na-final-da-libertadores\/","title":{"rendered":"\u00c9 o time do povo na final da Libertadores!"},"content":{"rendered":"<p><figure id=\"attachment_1971\" aria-describedby=\"caption-attachment-1971\" style=\"width: 595px\" class=\"wp-caption aligncenter\"><a href=\"https:\/\/blogs.gazetaesportiva.com\/michellegiannella\/files\/2012\/06\/povo.jpg\"><img loading=\"lazy\" decoding=\"async\" src=\"https:\/\/blogs.gazetaesportiva.com\/michellegiannella\/files\/2012\/06\/povo.jpg\" alt=\"Djalma Vass\u00e3o\/Gazeta Press\" title=\"Djalma Vass\u00e3o\/Gazeta Press\" width=\"595\" height=\"287\" class=\"size-full wp-image-1971\" \/><\/a><figcaption id=\"caption-attachment-1971\" class=\"wp-caption-text\">Djalma Vass\u00e3o\/Gazeta Press<\/figcaption><\/figure>O Corinthians realmente tem uma defesa excelente, pouco vazada e muito consistente, mas confiar s\u00f3 nisso para levar a Libertadores pra casa, n\u00e3o d\u00e1. Tanto que tomou o gol no primeiro tempo. O Santos come\u00e7ou fazendo a li\u00e7\u00e3o de casa com Neymar.<\/p>\n<p>O Peixe teve completa posse de bola no primeiro tempo. O Corinthians atacou apenas em algumas jogadas de contra- ataque. Willian na cara do gol, quando deveria ter dado uma pancada na bola, recuou para o goleiro Rafael. Ok, vamos considerar o nervosismo&#8230; mas o Tim\u00e3o teve dificuldades de passar do meio de campo, realmente falta um matador ao time.<\/p>\n<p>Segundo tempo. Outro jogo. O Corinthians entrou menos recuado e Li\u00e9dson substituiu Willian. Aos dois minutos, Danilo, o artilheiro do time na Libertadores, fez o gol. Al\u00edvio para a torcida e confian\u00e7a para a equipe.<\/p>\n<p>Faltavam 3 minutos pro jogo acabar, as bombas ainda n\u00e3o estouravam. Os corintianos sabem que o jogo s\u00f3 termina quando acaba e, em se tratando de Corinthians, tudo poderia acontecer. E aconteceu a festa corintiana no apito do \u00e1rbitro.<\/p>\n<p>Corinthians classificado para a final da Libertadores. Aleluia!<\/p>\n","protected":false},"excerpt":{"rendered":"<p>O Corinthians realmente tem uma defesa excelente, pouco vazada e muito consistente, mas confiar s\u00f3 nisso para levar a Libertadores pra casa, n\u00e3o d\u00e1. Tanto <a class=\"read-more\" href=\"https:\/\/blogs.gazetaesportiva.com\/michellegiannella\/2012\/06\/20\/e-o-time-do-povo-na-final-da-libertadores\/\">leia mais<\/a><\/p>\n","protected":false},"author":14,"featured_media":1971,"comment_status":"open","ping_status":"open","sticky":false,"template":"","format":"standard","meta":{"jetpack_post_was_ever_published":false,"_jetpack_newsletter_access":"","_jetpack_dont_email_post_to_subs":false,"_jetpack_newsletter_tier_id":0,"_jetpack_memberships_contains_paywalled_content":false,"_jetpack_memberships_contains_paid_content":false,"footnotes":"","jetpack_publicize_message":"","jetpack_publicize_feature_enabled":true,"jetpack_social_post_already_shared":false,"jetpack_social_options":{"image_generator_settings":{"template":"highway","default_image_id":0,"font":"","enabled":false},"version":2}},"categories":[1],"tags":[],"class_list":["post-1965","post","type-post","status-publish","format-standard","has-post-thumbnail","hentry","category-sem-categoria"],"jetpack_publicize_connections":[],"jetpack_featured_media_url":"https:\/\/blogs.gazetaesportiva.com\/michellegiannella\/files\/2012\/06\/povo.jpg","jetpack_sharing_enabled":true,"jetpack_shortlink":"https:\/\/wp.me\/p6rrMZ-vH","_links":{"self":[{"href":"https:\/\/blogs.gazetaesportiva.com\/michellegiannella\/wp-json\/wp\/v2\/posts\/1965","targetHints":{"allow":["GET"]}}],"collection":[{"href":"https:\/\/blogs.gazetaesportiva.com\/michellegiannella\/wp-json\/wp\/v2\/posts"}],"about":[{"href":"https:\/\/blogs.gazetaesportiva.com\/michellegiannella\/wp-json\/wp\/v2\/types\/post"}],"author":[{"embeddable":true,"href":"https:\/\/blogs.gazetaesportiva.com\/michellegiannella\/wp-json\/wp\/v2\/users\/14"}],"replies":[{"embeddable":true,"href":"https:\/\/blogs.gazetaesportiva.com\/michellegiannella\/wp-json\/wp\/v2\/comments?post=1965"}],"version-history":[{"count":0,"href":"https:\/\/blogs.gazetaesportiva.com\/michellegiannella\/wp-json\/wp\/v2\/posts\/1965\/revisions"}],"wp:featuredmedia":[{"embeddable":true,"href":"https:\/\/blogs.gazetaesportiva.com\/michellegiannella\/wp-json\/wp\/v2\/media\/1971"}],"wp:attachment":[{"href":"https:\/\/blogs.gazetaesportiva.com\/michellegiannella\/wp-json\/wp\/v2\/media?parent=1965"}],"wp:term":[{"taxonomy":"category","embeddable":true,"href":"https:\/\/blogs.gazetaesportiva.com\/michellegiannella\/wp-json\/wp\/v2\/categories?post=1965"},{"taxonomy":"post_tag","embeddable":true,"href":"https:\/\/blogs.gazetaesportiva.com\/michellegiannella\/wp-json\/wp\/v2\/tags?post=1965"}],"curies":[{"name":"wp","href":"https:\/\/api.w.org\/{rel}","templated":true}]}}