{"id":1949,"date":"2012-06-18T12:54:10","date_gmt":"2012-06-18T15:54:10","guid":{"rendered":"https:\/\/blogs.gazetaesportiva.com\/michellegiannella\/?p=1949"},"modified":"2012-06-18T12:54:10","modified_gmt":"2012-06-18T15:54:10","slug":"mesa-redonda-17-de-junho","status":"publish","type":"post","link":"https:\/\/blogs.gazetaesportiva.com\/michellegiannella\/2012\/06\/18\/mesa-redonda-17-de-junho\/","title":{"rendered":"Mesa Redonda 17 de junho"},"content":{"rendered":"<p><a href=\"https:\/\/blogs.gazetaesportiva.com\/michellegiannella\/files\/2012\/06\/Imagem-1140.jpg\"><img loading=\"lazy\" decoding=\"async\" class=\"aligncenter size-full wp-image-1950\" src=\"https:\/\/blogs.gazetaesportiva.com\/michellegiannella\/files\/2012\/06\/Imagem-1140.jpg\" alt=\"\" width=\"595\" height=\"446\" \/><\/a><\/p>\n<p><a href=\"https:\/\/blogs.gazetaesportiva.com\/michellegiannella\/files\/2012\/06\/Imagem-1139.jpg\"><img loading=\"lazy\" decoding=\"async\" class=\"aligncenter size-full wp-image-1951\" src=\"https:\/\/blogs.gazetaesportiva.com\/michellegiannella\/files\/2012\/06\/Imagem-1139.jpg\" alt=\"\" width=\"595\" height=\"446\" \/><\/a><\/p>\n<p><a href=\"https:\/\/blogs.gazetaesportiva.com\/michellegiannella\/files\/2012\/06\/Imagem-1138.jpg\"><img loading=\"lazy\" decoding=\"async\" class=\"aligncenter size-full wp-image-1952\" src=\"https:\/\/blogs.gazetaesportiva.com\/michellegiannella\/files\/2012\/06\/Imagem-1138.jpg\" alt=\"\" width=\"595\" height=\"446\" \/><\/a><\/p>\n<p><a href=\"https:\/\/blogs.gazetaesportiva.com\/michellegiannella\/files\/2012\/06\/Imagem-1136.jpg\"><img loading=\"lazy\" decoding=\"async\" class=\"aligncenter size-full wp-image-1953\" src=\"https:\/\/blogs.gazetaesportiva.com\/michellegiannella\/files\/2012\/06\/Imagem-1136.jpg\" alt=\"\" width=\"395\" height=\"527\" \/><\/a><\/p>\n<p>Convidados deste domingo: Mazinho, do Palmeiras, o diretor de sele\u00e7\u00f5es da CBF, Andres Sanchez e Edm\u00edlson.<\/p>\n","protected":false},"excerpt":{"rendered":"<p>Convidados deste domingo: Mazinho, do Palmeiras, o diretor de sele\u00e7\u00f5es da CBF, Andres Sanchez e Edm\u00edlson.<\/p>\n","protected":false},"author":14,"featured_media":1953,"comment_status":"open","ping_status":"open","sticky":false,"template":"","format":"standard","meta":{"jetpack_post_was_ever_published":false,"_jetpack_newsletter_access":"","_jetpack_dont_email_post_to_subs":false,"_jetpack_newsletter_tier_id":0,"_jetpack_memberships_contains_paywalled_content":false,"_jetpack_memberships_contains_paid_content":false,"footnotes":"","jetpack_publicize_message":"","jetpack_publicize_feature_enabled":true,"jetpack_social_post_already_shared":false,"jetpack_social_options":{"image_generator_settings":{"template":"highway","default_image_id":0,"font":"","enabled":false},"version":2}},"categories":[1],"tags":[],"class_list":["post-1949","post","type-post","status-publish","format-standard","has-post-thumbnail","hentry","category-sem-categoria"],"jetpack_publicize_connections":[],"jetpack_featured_media_url":"https:\/\/blogs.gazetaesportiva.com\/michellegiannella\/files\/2012\/06\/Imagem-1136.jpg","jetpack_sharing_enabled":true,"jetpack_shortlink":"https:\/\/wp.me\/p6rrMZ-vr","_links":{"self":[{"href":"https:\/\/blogs.gazetaesportiva.com\/michellegiannella\/wp-json\/wp\/v2\/posts\/1949","targetHints":{"allow":["GET"]}}],"collection":[{"href":"https:\/\/blogs.gazetaesportiva.com\/michellegiannella\/wp-json\/wp\/v2\/posts"}],"about":[{"href":"https:\/\/blogs.gazetaesportiva.com\/michellegiannella\/wp-json\/wp\/v2\/types\/post"}],"author":[{"embeddable":true,"href":"https:\/\/blogs.gazetaesportiva.com\/michellegiannella\/wp-json\/wp\/v2\/users\/14"}],"replies":[{"embeddable":true,"href":"https:\/\/blogs.gazetaesportiva.com\/michellegiannella\/wp-json\/wp\/v2\/comments?post=1949"}],"version-history":[{"count":0,"href":"https:\/\/blogs.gazetaesportiva.com\/michellegiannella\/wp-json\/wp\/v2\/posts\/1949\/revisions"}],"wp:featuredmedia":[{"embeddable":true,"href":"https:\/\/blogs.gazetaesportiva.com\/michellegiannella\/wp-json\/wp\/v2\/media\/1953"}],"wp:attachment":[{"href":"https:\/\/blogs.gazetaesportiva.com\/michellegiannella\/wp-json\/wp\/v2\/media?parent=1949"}],"wp:term":[{"taxonomy":"category","embeddable":true,"href":"https:\/\/blogs.gazetaesportiva.com\/michellegiannella\/wp-json\/wp\/v2\/categories?post=1949"},{"taxonomy":"post_tag","embeddable":true,"href":"https:\/\/blogs.gazetaesportiva.com\/michellegiannella\/wp-json\/wp\/v2\/tags?post=1949"}],"curies":[{"name":"wp","href":"https:\/\/api.w.org\/{rel}","templated":true}]}}