{"id":1915,"date":"2012-06-09T18:06:14","date_gmt":"2012-06-09T21:06:14","guid":{"rendered":"https:\/\/blogs.gazetaesportiva.com\/michellegiannella\/?p=1915"},"modified":"2012-06-09T18:44:25","modified_gmt":"2012-06-09T21:44:25","slug":"perder-e-ruim-mas-perder-pra-argentina-e-pior","status":"publish","type":"post","link":"https:\/\/blogs.gazetaesportiva.com\/michellegiannella\/2012\/06\/09\/perder-e-ruim-mas-perder-pra-argentina-e-pior\/","title":{"rendered":"Perder \u00e9 ruim, mas perder pra Argentina \u00e9 pior"},"content":{"rendered":"<figure id=\"attachment_1925\" aria-describedby=\"caption-attachment-1925\" style=\"width: 595px\" class=\"wp-caption aligncenter\"><a href=\"https:\/\/blogs.gazetaesportiva.com\/michellegiannella\/files\/2012\/06\/messimichelle1.jpg\"><img loading=\"lazy\" decoding=\"async\" class=\"size-full wp-image-1925\" title=\"AFP\" src=\"https:\/\/blogs.gazetaesportiva.com\/michellegiannella\/files\/2012\/06\/messimichelle1.jpg\" alt=\"AFP\" width=\"595\" height=\"340\" \/><\/a><figcaption id=\"caption-attachment-1925\" class=\"wp-caption-text\">AFP<\/figcaption><\/figure>\n<p>Perder \u00e9 ruim, mas perder pra Argentina \u00e9 pior ainda. O Brasil teve um bom desempenho em campo, mas encarar o melhor time da Argentina n\u00e3o \u00e9 pra qualquer um&#8230;<\/p>\n<p>O Brasil finalizou mais, tocou mais, mas do outro lado tinha um tal de Messi que desequilibrou. O cara tem faro de gol e apesar dos gols de R\u00f4mulo, Oscar e Hulk n\u00e3o conseguimos vencer. Depositamos todas as fichas em Neymar, mas ele n\u00e3o marcou, no entanto, fez uma boa partida. Mas na boa, ainda n\u00e3o tem compara\u00e7\u00e3o com o Messi. \u00c9 duro falar isso, mas esse argentino \u00e9 espetacular e vive um momento fora do comum.<\/p>\n<p>Queria que Neymar tivesse marcado pra calar a boca do Sor\u00edn, que agora \u00e9 comentarista de TV, e chamou o nosso menino de Neymal, mas tudo tem seu tempo.<\/p>\n<p>Acho que a defesa brasileira \u00e9 ruim e precisa comer muito arroz com feij\u00e3o. Ainda n\u00e3o temos um atleta do n\u00edvel do L\u00facio que inspire total confian\u00e7a.<\/p>\n<p>Marcelo, expulso,\u00a0disse que perdeu a cabe\u00e7a e deu uma &#8220;porrada&#8221; no Lavesi. Esse \u00e9 o problema do Marcelo: um grande jogador, mas de temperamento extremamente forte.<\/p>\n<p>No final, Neymar pediu a camisa do Messi. Pois \u00e9, temos todos que nos render ao hermano: foi dele o show dentro de campo.<\/p>\n","protected":false},"excerpt":{"rendered":"<p>Perder \u00e9 ruim, mas perder pra Argentina \u00e9 pior ainda. O Brasil teve um bom desempenho em campo, mas encarar o melhor time da Argentina <a class=\"read-more\" href=\"https:\/\/blogs.gazetaesportiva.com\/michellegiannella\/2012\/06\/09\/perder-e-ruim-mas-perder-pra-argentina-e-pior\/\">leia mais<\/a><\/p>\n","protected":false},"author":14,"featured_media":1925,"comment_status":"open","ping_status":"open","sticky":false,"template":"","format":"standard","meta":{"jetpack_post_was_ever_published":false,"_jetpack_newsletter_access":"","_jetpack_dont_email_post_to_subs":false,"_jetpack_newsletter_tier_id":0,"_jetpack_memberships_contains_paywalled_content":false,"_jetpack_memberships_contains_paid_content":false,"footnotes":"","jetpack_publicize_message":"","jetpack_publicize_feature_enabled":true,"jetpack_social_post_already_shared":false,"jetpack_social_options":{"image_generator_settings":{"template":"highway","default_image_id":0,"font":"","enabled":false},"version":2}},"categories":[1],"tags":[],"class_list":["post-1915","post","type-post","status-publish","format-standard","has-post-thumbnail","hentry","category-sem-categoria"],"jetpack_publicize_connections":[],"jetpack_featured_media_url":"https:\/\/blogs.gazetaesportiva.com\/michellegiannella\/files\/2012\/06\/messimichelle1.jpg","jetpack_sharing_enabled":true,"jetpack_shortlink":"https:\/\/wp.me\/p6rrMZ-uT","_links":{"self":[{"href":"https:\/\/blogs.gazetaesportiva.com\/michellegiannella\/wp-json\/wp\/v2\/posts\/1915","targetHints":{"allow":["GET"]}}],"collection":[{"href":"https:\/\/blogs.gazetaesportiva.com\/michellegiannella\/wp-json\/wp\/v2\/posts"}],"about":[{"href":"https:\/\/blogs.gazetaesportiva.com\/michellegiannella\/wp-json\/wp\/v2\/types\/post"}],"author":[{"embeddable":true,"href":"https:\/\/blogs.gazetaesportiva.com\/michellegiannella\/wp-json\/wp\/v2\/users\/14"}],"replies":[{"embeddable":true,"href":"https:\/\/blogs.gazetaesportiva.com\/michellegiannella\/wp-json\/wp\/v2\/comments?post=1915"}],"version-history":[{"count":0,"href":"https:\/\/blogs.gazetaesportiva.com\/michellegiannella\/wp-json\/wp\/v2\/posts\/1915\/revisions"}],"wp:featuredmedia":[{"embeddable":true,"href":"https:\/\/blogs.gazetaesportiva.com\/michellegiannella\/wp-json\/wp\/v2\/media\/1925"}],"wp:attachment":[{"href":"https:\/\/blogs.gazetaesportiva.com\/michellegiannella\/wp-json\/wp\/v2\/media?parent=1915"}],"wp:term":[{"taxonomy":"category","embeddable":true,"href":"https:\/\/blogs.gazetaesportiva.com\/michellegiannella\/wp-json\/wp\/v2\/categories?post=1915"},{"taxonomy":"post_tag","embeddable":true,"href":"https:\/\/blogs.gazetaesportiva.com\/michellegiannella\/wp-json\/wp\/v2\/tags?post=1915"}],"curies":[{"name":"wp","href":"https:\/\/api.w.org\/{rel}","templated":true}]}}