{"id":1905,"date":"2012-06-04T18:19:43","date_gmt":"2012-06-04T21:19:43","guid":{"rendered":"https:\/\/blogs.gazetaesportiva.com\/michellegiannella\/?p=1905"},"modified":"2012-06-18T12:58:19","modified_gmt":"2012-06-18T15:58:19","slug":"ronaldinho-gaucho-tem-jeito","status":"publish","type":"post","link":"https:\/\/blogs.gazetaesportiva.com\/michellegiannella\/2012\/06\/04\/ronaldinho-gaucho-tem-jeito\/","title":{"rendered":"Ronaldinho Ga\u00facho tem jeito?"},"content":{"rendered":"<p>Ronaldinho\u00a0chegou ao Flamengo como superastro em 12 de janeiro de 2011, mas o amor acabou. Aquele que um dia\u00a0prometeu dedica\u00e7\u00e3o e amor \u00e0 na\u00e7\u00e3o rubronegra,\u00a0 saiu pela porta dos fundos do clube na sexta-feira passada e cobrando uma d\u00edvida de mais de 40 milh\u00f5es de reais.<\/p>\n<p>A passagem de Ga\u00facho pelo Fla teve bons momentos, como aquele cl\u00e1ssico contra o Santos com vit\u00f3ria do time carioca por 5 a 4.\u00a0Nesse per\u00edodo, foram 74 jogos, 28 gols e apenas um t\u00edtulo pelo clube, o Campeonato Carioca. No geral, o retrospecto n\u00e3o \u00e9 dos melhores.\u00a0<\/p>\n<p>Mais r\u00e1pido do que poder\u00edamos imaginar, Ronaldinho se apresentou hoje ao Atl\u00e9tico Mineiro. Com sal\u00e1rios bem mais baixos (por volta de 300 mil reais) e contrato s\u00f3 vai at\u00e9 o final da temporada, ser\u00e1 que Ronaldinho ainda tem g\u00e1s e futebol pra mostrar? O espa\u00e7o \u00e9 seu.<\/p>\n","protected":false},"excerpt":{"rendered":"<p>Ronaldinho\u00a0chegou ao Flamengo como superastro em 12 de janeiro de 2011, mas o amor acabou. Aquele que um dia\u00a0prometeu dedica\u00e7\u00e3o e amor \u00e0 na\u00e7\u00e3o rubronegra,\u00a0 <a class=\"read-more\" href=\"https:\/\/blogs.gazetaesportiva.com\/michellegiannella\/2012\/06\/04\/ronaldinho-gaucho-tem-jeito\/\">leia mais<\/a><\/p>\n","protected":false},"author":14,"featured_media":1914,"comment_status":"open","ping_status":"open","sticky":false,"template":"","format":"standard","meta":{"jetpack_post_was_ever_published":false,"_jetpack_newsletter_access":"","_jetpack_dont_email_post_to_subs":false,"_jetpack_newsletter_tier_id":0,"_jetpack_memberships_contains_paywalled_content":false,"_jetpack_memberships_contains_paid_content":false,"footnotes":"","jetpack_publicize_message":"","jetpack_publicize_feature_enabled":true,"jetpack_social_post_already_shared":false,"jetpack_social_options":{"image_generator_settings":{"template":"highway","default_image_id":0,"font":"","enabled":false},"version":2}},"categories":[1],"tags":[],"class_list":["post-1905","post","type-post","status-publish","format-standard","has-post-thumbnail","hentry","category-sem-categoria"],"jetpack_publicize_connections":[],"jetpack_featured_media_url":"https:\/\/blogs.gazetaesportiva.com\/michellegiannella\/files\/2012\/06\/ronaldinho_540_afp4.jpg","jetpack_sharing_enabled":true,"jetpack_shortlink":"https:\/\/wp.me\/p6rrMZ-uJ","_links":{"self":[{"href":"https:\/\/blogs.gazetaesportiva.com\/michellegiannella\/wp-json\/wp\/v2\/posts\/1905","targetHints":{"allow":["GET"]}}],"collection":[{"href":"https:\/\/blogs.gazetaesportiva.com\/michellegiannella\/wp-json\/wp\/v2\/posts"}],"about":[{"href":"https:\/\/blogs.gazetaesportiva.com\/michellegiannella\/wp-json\/wp\/v2\/types\/post"}],"author":[{"embeddable":true,"href":"https:\/\/blogs.gazetaesportiva.com\/michellegiannella\/wp-json\/wp\/v2\/users\/14"}],"replies":[{"embeddable":true,"href":"https:\/\/blogs.gazetaesportiva.com\/michellegiannella\/wp-json\/wp\/v2\/comments?post=1905"}],"version-history":[{"count":0,"href":"https:\/\/blogs.gazetaesportiva.com\/michellegiannella\/wp-json\/wp\/v2\/posts\/1905\/revisions"}],"wp:featuredmedia":[{"embeddable":true,"href":"https:\/\/blogs.gazetaesportiva.com\/michellegiannella\/wp-json\/wp\/v2\/media\/1914"}],"wp:attachment":[{"href":"https:\/\/blogs.gazetaesportiva.com\/michellegiannella\/wp-json\/wp\/v2\/media?parent=1905"}],"wp:term":[{"taxonomy":"category","embeddable":true,"href":"https:\/\/blogs.gazetaesportiva.com\/michellegiannella\/wp-json\/wp\/v2\/categories?post=1905"},{"taxonomy":"post_tag","embeddable":true,"href":"https:\/\/blogs.gazetaesportiva.com\/michellegiannella\/wp-json\/wp\/v2\/tags?post=1905"}],"curies":[{"name":"wp","href":"https:\/\/api.w.org\/{rel}","templated":true}]}}