{"id":1881,"date":"2012-05-23T23:56:18","date_gmt":"2012-05-24T02:56:18","guid":{"rendered":"https:\/\/blogs.gazetaesportiva.com\/michellegiannella\/?p=1881"},"modified":"2012-05-31T18:14:59","modified_gmt":"2012-05-31T21:14:59","slug":"vai-que-e-tua-corinthians","status":"publish","type":"post","link":"https:\/\/blogs.gazetaesportiva.com\/michellegiannella\/2012\/05\/23\/vai-que-e-tua-corinthians\/","title":{"rendered":"Vai que \u00e9 tua, Corinthians!"},"content":{"rendered":"<figure id=\"attachment_1886\" aria-describedby=\"caption-attachment-1886\" style=\"width: 595px\" class=\"wp-caption aligncenter\"><a href=\"https:\/\/blogs.gazetaesportiva.com\/michellegiannella\/files\/2012\/05\/fd_2305_corinthiansxvasco__218_de_1_.jpg\"><img loading=\"lazy\" decoding=\"async\" class=\"size-full wp-image-1886\" src=\"https:\/\/blogs.gazetaesportiva.com\/michellegiannella\/files\/2012\/05\/fd_2305_corinthiansxvasco__218_de_1_.jpg\" alt=\"Foto: Fernando Dantas\/Gazeta Press\" width=\"595\" height=\"350\" \/><\/a><figcaption id=\"caption-attachment-1886\" class=\"wp-caption-text\">Foto: Fernando Dantas\/Gazeta Press<\/figcaption><\/figure>\n<p>Foi sofrido, como j\u00e1 era de se esperar. Uma partida acirrada, apertada e disputada a cada lance. Os dois times estiveram mais preocupados em n\u00e3o tomar gol do que em fazer. No final, deu Corinthians!<\/p>\n<p>O Corinthians jogou com muita garra, o Vasco foi pra cima do alvinegro e levou perigo nas cobran\u00e7as de laterais. C\u00e1ssio, como sempre muito confiante, fez boas defesas, foi pra cima, mas tamb\u00e9m se atrapalhou em alguns lances, \u00a0nada que comprometesse a equipe.<\/p>\n<p>Paulinho, de cabe\u00e7a, quase fez!<\/p>\n<p>Segundo tempo e logo no come\u00e7o Tite foi expulso! O treinador passou a semana na maior ansiedade, estava na cara que n\u00e3o ia segurar a bronca&#8230; Precisa ter mais sangue frio, se \u00e9 que \u00e9 poss\u00edvel isso numa hora dessas&#8230;<\/p>\n<p>Diego Souza teve a bola do jogo aos seus p\u00e9s e perdeu um gol I-NA-CRE-DI-T\u00c1-VE!!! C\u00e1ssio foi fera e encarou a bronca, a bola foi pra fora! Pois \u00e9, os vasca\u00ednos sentiram saudades de um certo camisa 11 que JAMAIS perderia um gol desses&#8230; n\u00e9 n\u00e3o, Rom\u00e1rio?<\/p>\n<p>Sheik meteu uma bola na trave, a torcida n\u00e3o parava de gritar, n\u00e3o havia meio do gol sair.<\/p>\n<p>39 minutos do segundo tempo e o jogo continuava eletrizante. A condi\u00e7\u00e3o f\u00edsica dos atletas dos dois times era impec\u00e1vel. Os caras correram sem cansar e deram tudo de si dentro de campo. A dedica\u00e7\u00e3o das duas equipes foi total.<\/p>\n<p>42 do segundo tempo e PAULINHO \u2013 GOOOOOOOOOOOOOOOLLLLLLLL!!! Foi a cabe\u00e7ada mais perfeita do camisa 8.\u00a0O Corinthians est\u00e1 na semifinal da Libertadores!<\/p>\n<p>Vai que \u00e9 tua, Tim\u00e3o!<\/p>\n","protected":false},"excerpt":{"rendered":"<p>Foi sofrido, como j\u00e1 era de se esperar. Uma partida acirrada, apertada e disputada a cada lance. Os dois times estiveram mais preocupados em n\u00e3o <a class=\"read-more\" href=\"https:\/\/blogs.gazetaesportiva.com\/michellegiannella\/2012\/05\/23\/vai-que-e-tua-corinthians\/\">leia mais<\/a><\/p>\n","protected":false},"author":14,"featured_media":1886,"comment_status":"open","ping_status":"open","sticky":false,"template":"","format":"standard","meta":{"jetpack_post_was_ever_published":false,"_jetpack_newsletter_access":"","_jetpack_dont_email_post_to_subs":false,"_jetpack_newsletter_tier_id":0,"_jetpack_memberships_contains_paywalled_content":false,"_jetpack_memberships_contains_paid_content":false,"footnotes":"","jetpack_publicize_message":"","jetpack_publicize_feature_enabled":true,"jetpack_social_post_already_shared":false,"jetpack_social_options":{"image_generator_settings":{"template":"highway","default_image_id":0,"font":"","enabled":false},"version":2}},"categories":[1],"tags":[],"class_list":["post-1881","post","type-post","status-publish","format-standard","has-post-thumbnail","hentry","category-sem-categoria"],"jetpack_publicize_connections":[],"jetpack_featured_media_url":"https:\/\/blogs.gazetaesportiva.com\/michellegiannella\/files\/2012\/05\/fd_2305_corinthiansxvasco__218_de_1_.jpg","jetpack_sharing_enabled":true,"jetpack_shortlink":"https:\/\/wp.me\/p6rrMZ-ul","_links":{"self":[{"href":"https:\/\/blogs.gazetaesportiva.com\/michellegiannella\/wp-json\/wp\/v2\/posts\/1881","targetHints":{"allow":["GET"]}}],"collection":[{"href":"https:\/\/blogs.gazetaesportiva.com\/michellegiannella\/wp-json\/wp\/v2\/posts"}],"about":[{"href":"https:\/\/blogs.gazetaesportiva.com\/michellegiannella\/wp-json\/wp\/v2\/types\/post"}],"author":[{"embeddable":true,"href":"https:\/\/blogs.gazetaesportiva.com\/michellegiannella\/wp-json\/wp\/v2\/users\/14"}],"replies":[{"embeddable":true,"href":"https:\/\/blogs.gazetaesportiva.com\/michellegiannella\/wp-json\/wp\/v2\/comments?post=1881"}],"version-history":[{"count":0,"href":"https:\/\/blogs.gazetaesportiva.com\/michellegiannella\/wp-json\/wp\/v2\/posts\/1881\/revisions"}],"wp:featuredmedia":[{"embeddable":true,"href":"https:\/\/blogs.gazetaesportiva.com\/michellegiannella\/wp-json\/wp\/v2\/media\/1886"}],"wp:attachment":[{"href":"https:\/\/blogs.gazetaesportiva.com\/michellegiannella\/wp-json\/wp\/v2\/media?parent=1881"}],"wp:term":[{"taxonomy":"category","embeddable":true,"href":"https:\/\/blogs.gazetaesportiva.com\/michellegiannella\/wp-json\/wp\/v2\/categories?post=1881"},{"taxonomy":"post_tag","embeddable":true,"href":"https:\/\/blogs.gazetaesportiva.com\/michellegiannella\/wp-json\/wp\/v2\/tags?post=1881"}],"curies":[{"name":"wp","href":"https:\/\/api.w.org\/{rel}","templated":true}]}}