{"id":1878,"date":"2012-05-21T18:16:33","date_gmt":"2012-05-21T21:16:33","guid":{"rendered":"https:\/\/blogs.gazetaesportiva.com\/michellegiannella\/?p=1878"},"modified":"2012-05-21T18:16:33","modified_gmt":"2012-05-21T21:16:33","slug":"sao-paulo-decepciona-em-estreia-no-brasileirao","status":"publish","type":"post","link":"https:\/\/blogs.gazetaesportiva.com\/michellegiannella\/2012\/05\/21\/sao-paulo-decepciona-em-estreia-no-brasileirao\/","title":{"rendered":"S\u00e3o Paulo decepciona em estreia no Brasileir\u00e3o"},"content":{"rendered":"<p>Foi uma apresenta\u00e7\u00e3o lament\u00e1vel do Tricolor paulista na estreia do time no Brasiler\u00e3o.<\/p>\n<p>O time de \u00c9merson Le\u00e3o\u00a0teve\u00a0o dom\u00ednio do jogo, esteve em vantagem no placar por duas vezes contra o Botafogo, mas em 10 minutos vacilou e tomou 3 gols, saindo de campo derrotado no placar e psicologicamente. \u00a0<\/p>\n<p>Na minha opini\u00e3o, a culpa n\u00e3o \u00e9 do treinador. A equipe paulista \u00e9 fraca e at\u00e9 que Le\u00e3o andou fazendo algumas m\u00e1gicas. O treinador est\u00e1\u00a0resistindo no cargo, afinal a diretoria quer frit\u00e1-lo a qualquer custo. Vamos ver at\u00e9 quando ele segura a bronca&#8230;<\/p>\n","protected":false},"excerpt":{"rendered":"<p>Foi uma apresenta\u00e7\u00e3o lament\u00e1vel do Tricolor paulista na estreia do time no Brasiler\u00e3o. O time de \u00c9merson Le\u00e3o\u00a0teve\u00a0o dom\u00ednio do jogo, esteve em vantagem no <a class=\"read-more\" href=\"https:\/\/blogs.gazetaesportiva.com\/michellegiannella\/2012\/05\/21\/sao-paulo-decepciona-em-estreia-no-brasileirao\/\">leia mais<\/a><\/p>\n","protected":false},"author":14,"featured_media":0,"comment_status":"open","ping_status":"open","sticky":false,"template":"","format":"standard","meta":{"jetpack_post_was_ever_published":false,"_jetpack_newsletter_access":"","_jetpack_dont_email_post_to_subs":false,"_jetpack_newsletter_tier_id":0,"_jetpack_memberships_contains_paywalled_content":false,"_jetpack_memberships_contains_paid_content":false,"footnotes":"","jetpack_publicize_message":"","jetpack_publicize_feature_enabled":true,"jetpack_social_post_already_shared":false,"jetpack_social_options":{"image_generator_settings":{"template":"highway","default_image_id":0,"font":"","enabled":false},"version":2}},"categories":[1],"tags":[],"class_list":["post-1878","post","type-post","status-publish","format-standard","hentry","category-sem-categoria"],"jetpack_publicize_connections":[],"jetpack_featured_media_url":"","jetpack_sharing_enabled":true,"jetpack_shortlink":"https:\/\/wp.me\/p6rrMZ-ui","_links":{"self":[{"href":"https:\/\/blogs.gazetaesportiva.com\/michellegiannella\/wp-json\/wp\/v2\/posts\/1878","targetHints":{"allow":["GET"]}}],"collection":[{"href":"https:\/\/blogs.gazetaesportiva.com\/michellegiannella\/wp-json\/wp\/v2\/posts"}],"about":[{"href":"https:\/\/blogs.gazetaesportiva.com\/michellegiannella\/wp-json\/wp\/v2\/types\/post"}],"author":[{"embeddable":true,"href":"https:\/\/blogs.gazetaesportiva.com\/michellegiannella\/wp-json\/wp\/v2\/users\/14"}],"replies":[{"embeddable":true,"href":"https:\/\/blogs.gazetaesportiva.com\/michellegiannella\/wp-json\/wp\/v2\/comments?post=1878"}],"version-history":[{"count":0,"href":"https:\/\/blogs.gazetaesportiva.com\/michellegiannella\/wp-json\/wp\/v2\/posts\/1878\/revisions"}],"wp:attachment":[{"href":"https:\/\/blogs.gazetaesportiva.com\/michellegiannella\/wp-json\/wp\/v2\/media?parent=1878"}],"wp:term":[{"taxonomy":"category","embeddable":true,"href":"https:\/\/blogs.gazetaesportiva.com\/michellegiannella\/wp-json\/wp\/v2\/categories?post=1878"},{"taxonomy":"post_tag","embeddable":true,"href":"https:\/\/blogs.gazetaesportiva.com\/michellegiannella\/wp-json\/wp\/v2\/tags?post=1878"}],"curies":[{"name":"wp","href":"https:\/\/api.w.org\/{rel}","templated":true}]}}