{"id":1874,"date":"2012-05-17T18:40:07","date_gmt":"2012-05-17T21:40:07","guid":{"rendered":"https:\/\/blogs.gazetaesportiva.com\/michellegiannella\/?p=1874"},"modified":"2012-05-17T18:52:04","modified_gmt":"2012-05-17T21:52:04","slug":"corinthians-e-vasco-jogo-sofrivel","status":"publish","type":"post","link":"https:\/\/blogs.gazetaesportiva.com\/michellegiannella\/2012\/05\/17\/corinthians-e-vasco-jogo-sofrivel\/","title":{"rendered":"Corinthians e Vasco &#8211; jogo sofr\u00edvel!"},"content":{"rendered":"<p>Zero a zero \u00e9 um placar horr\u00edvel, ainda mais para todos que esperavam um joga\u00e7o\u00a0que tinha tudo para ser emocionante. O cl\u00e1ssico Corinthians e Vasco, em S\u00e3o Janu\u00e1rio, num campo horr\u00edvel e com uma chuva daquelas deixou a desejar.<\/p>\n<p>Duro pra quem assistiu, ruim pra quem jogou e p\u00e9ssimo pra quem foi ao est\u00e1dio assistir\u00a0a apresenta\u00e7\u00e3o. Faltou futebol, faltou classe&#8230;\u00a0ser\u00e1 que quando chove o povo esquece\u00a0de como\u00a0\u00e9 jogar bola? Tudo bem que o campo\u00a0estava sem as melhores condi\u00e7\u00f5es e a chuva dificulta mesmo a atua\u00e7\u00e3o da rapaziada, mas&#8230; foi sofr\u00edvel. Ok, a defesa do Corinthians \u00e9 forte, mas falta ataque e sem gols n\u00e3o existe futebol. C\u00e1ssio, pare de usar amarelo&#8230; goleiros n\u00e3o devem usar amarelo e vermelho, chama muito a aten\u00e7\u00e3o dos atacantes&#8230;<\/p>\n<p>Agora \u00e9 esperar pelo jogo de volta no Pacaembu.<\/p>\n","protected":false},"excerpt":{"rendered":"<p>Zero a zero \u00e9 um placar horr\u00edvel, ainda mais para todos que esperavam um joga\u00e7o\u00a0que tinha tudo para ser emocionante. O cl\u00e1ssico Corinthians e Vasco, <a class=\"read-more\" href=\"https:\/\/blogs.gazetaesportiva.com\/michellegiannella\/2012\/05\/17\/corinthians-e-vasco-jogo-sofrivel\/\">leia mais<\/a><\/p>\n","protected":false},"author":14,"featured_media":0,"comment_status":"open","ping_status":"open","sticky":false,"template":"","format":"standard","meta":{"jetpack_post_was_ever_published":false,"_jetpack_newsletter_access":"","_jetpack_dont_email_post_to_subs":false,"_jetpack_newsletter_tier_id":0,"_jetpack_memberships_contains_paywalled_content":false,"_jetpack_memberships_contains_paid_content":false,"footnotes":"","jetpack_publicize_message":"","jetpack_publicize_feature_enabled":true,"jetpack_social_post_already_shared":false,"jetpack_social_options":{"image_generator_settings":{"template":"highway","default_image_id":0,"font":"","enabled":false},"version":2}},"categories":[1],"tags":[],"class_list":["post-1874","post","type-post","status-publish","format-standard","hentry","category-sem-categoria"],"jetpack_publicize_connections":[],"jetpack_featured_media_url":"","jetpack_sharing_enabled":true,"jetpack_shortlink":"https:\/\/wp.me\/p6rrMZ-ue","_links":{"self":[{"href":"https:\/\/blogs.gazetaesportiva.com\/michellegiannella\/wp-json\/wp\/v2\/posts\/1874","targetHints":{"allow":["GET"]}}],"collection":[{"href":"https:\/\/blogs.gazetaesportiva.com\/michellegiannella\/wp-json\/wp\/v2\/posts"}],"about":[{"href":"https:\/\/blogs.gazetaesportiva.com\/michellegiannella\/wp-json\/wp\/v2\/types\/post"}],"author":[{"embeddable":true,"href":"https:\/\/blogs.gazetaesportiva.com\/michellegiannella\/wp-json\/wp\/v2\/users\/14"}],"replies":[{"embeddable":true,"href":"https:\/\/blogs.gazetaesportiva.com\/michellegiannella\/wp-json\/wp\/v2\/comments?post=1874"}],"version-history":[{"count":0,"href":"https:\/\/blogs.gazetaesportiva.com\/michellegiannella\/wp-json\/wp\/v2\/posts\/1874\/revisions"}],"wp:attachment":[{"href":"https:\/\/blogs.gazetaesportiva.com\/michellegiannella\/wp-json\/wp\/v2\/media?parent=1874"}],"wp:term":[{"taxonomy":"category","embeddable":true,"href":"https:\/\/blogs.gazetaesportiva.com\/michellegiannella\/wp-json\/wp\/v2\/categories?post=1874"},{"taxonomy":"post_tag","embeddable":true,"href":"https:\/\/blogs.gazetaesportiva.com\/michellegiannella\/wp-json\/wp\/v2\/tags?post=1874"}],"curies":[{"name":"wp","href":"https:\/\/api.w.org\/{rel}","templated":true}]}}