{"id":1871,"date":"2012-05-10T18:13:44","date_gmt":"2012-05-10T21:13:44","guid":{"rendered":"https:\/\/blogs.gazetaesportiva.com\/michellegiannella\/?p=1871"},"modified":"2012-05-10T18:13:44","modified_gmt":"2012-05-10T21:13:44","slug":"contra-tudo-e-contra-todos-e-a-vitoria-e-do-corinthians","status":"publish","type":"post","link":"https:\/\/blogs.gazetaesportiva.com\/michellegiannella\/2012\/05\/10\/contra-tudo-e-contra-todos-e-a-vitoria-e-do-corinthians\/","title":{"rendered":"Contra tudo e contra todos, e a vit\u00f3ria \u00e9 do Corinthians!"},"content":{"rendered":"<p>N\u00e3o foi um futebol de encher os olhos, mas os 3 a 0 contra o Emelec deram grande\u00a0\u00e2nimo \u00e0 equipe corintiana e \u00e0 torcida.<\/p>\n<p>O Corinthians deveu futebol no primeiro tempo, teve pouca posse de bola, n\u00e3o acertava os passes, mas chutou muito a gol, o que fez com que a equipe conseguisse um belo resultado no\u00a0final. A defesa do time \u00e9 forte, Paulinho\u00a0jogou muito bem\u00a0e o C\u00e1ssio vai se firmando no gol.<\/p>\n<p>Adeus tabu, adeus 12 anos sem passar das oitavas! Agora \u00e9 esperar para encarar o Vasco.<\/p>\n","protected":false},"excerpt":{"rendered":"<p>N\u00e3o foi um futebol de encher os olhos, mas os 3 a 0 contra o Emelec deram grande\u00a0\u00e2nimo \u00e0 equipe corintiana e \u00e0 torcida. O <a class=\"read-more\" href=\"https:\/\/blogs.gazetaesportiva.com\/michellegiannella\/2012\/05\/10\/contra-tudo-e-contra-todos-e-a-vitoria-e-do-corinthians\/\">leia mais<\/a><\/p>\n","protected":false},"author":14,"featured_media":0,"comment_status":"open","ping_status":"open","sticky":false,"template":"","format":"standard","meta":{"jetpack_post_was_ever_published":false,"_jetpack_newsletter_access":"","_jetpack_dont_email_post_to_subs":false,"_jetpack_newsletter_tier_id":0,"_jetpack_memberships_contains_paywalled_content":false,"_jetpack_memberships_contains_paid_content":false,"footnotes":"","jetpack_publicize_message":"","jetpack_publicize_feature_enabled":true,"jetpack_social_post_already_shared":false,"jetpack_social_options":{"image_generator_settings":{"template":"highway","default_image_id":0,"font":"","enabled":false},"version":2}},"categories":[1],"tags":[],"class_list":["post-1871","post","type-post","status-publish","format-standard","hentry","category-sem-categoria"],"jetpack_publicize_connections":[],"jetpack_featured_media_url":"","jetpack_sharing_enabled":true,"jetpack_shortlink":"https:\/\/wp.me\/p6rrMZ-ub","_links":{"self":[{"href":"https:\/\/blogs.gazetaesportiva.com\/michellegiannella\/wp-json\/wp\/v2\/posts\/1871","targetHints":{"allow":["GET"]}}],"collection":[{"href":"https:\/\/blogs.gazetaesportiva.com\/michellegiannella\/wp-json\/wp\/v2\/posts"}],"about":[{"href":"https:\/\/blogs.gazetaesportiva.com\/michellegiannella\/wp-json\/wp\/v2\/types\/post"}],"author":[{"embeddable":true,"href":"https:\/\/blogs.gazetaesportiva.com\/michellegiannella\/wp-json\/wp\/v2\/users\/14"}],"replies":[{"embeddable":true,"href":"https:\/\/blogs.gazetaesportiva.com\/michellegiannella\/wp-json\/wp\/v2\/comments?post=1871"}],"version-history":[{"count":0,"href":"https:\/\/blogs.gazetaesportiva.com\/michellegiannella\/wp-json\/wp\/v2\/posts\/1871\/revisions"}],"wp:attachment":[{"href":"https:\/\/blogs.gazetaesportiva.com\/michellegiannella\/wp-json\/wp\/v2\/media?parent=1871"}],"wp:term":[{"taxonomy":"category","embeddable":true,"href":"https:\/\/blogs.gazetaesportiva.com\/michellegiannella\/wp-json\/wp\/v2\/categories?post=1871"},{"taxonomy":"post_tag","embeddable":true,"href":"https:\/\/blogs.gazetaesportiva.com\/michellegiannella\/wp-json\/wp\/v2\/tags?post=1871"}],"curies":[{"name":"wp","href":"https:\/\/api.w.org\/{rel}","templated":true}]}}