{"id":1858,"date":"2012-05-03T18:37:35","date_gmt":"2012-05-03T21:37:35","guid":{"rendered":"https:\/\/blogs.gazetaesportiva.com\/michellegiannella\/?p=1858"},"modified":"2012-05-03T18:38:54","modified_gmt":"2012-05-03T21:38:54","slug":"emelec-e-corinthians","status":"publish","type":"post","link":"https:\/\/blogs.gazetaesportiva.com\/michellegiannella\/2012\/05\/03\/emelec-e-corinthians\/","title":{"rendered":"Emelec e Corinthians"},"content":{"rendered":"<p>Um jogo muito chato e muitas reclama\u00e7\u00f5es contra o \u00e1rbitro ap\u00f3s a partida pelos lados dos corintianos\u00a0M\u00e1rio Gobbi e Tite. C\u00e1 entre\u00a0n\u00f3s, quem pensava que o Corinthians iria fazer a li\u00e7\u00e3o de casa\u00a0diante do Emelec\u00a0se decepcionou.\u00a0<\/p>\n<p>Gente, na boa, \u00e9 muita covardia transferir apenas para o \u00e1rbitro a incompet\u00eancia que o time do Corinthians demostrou em campo.\u00a0N\u00e3o jogou nada. O Leandro Cast\u00e1n tomar um cart\u00e3o amarelo aos 6 minutos do jogo \u00e9 rid\u00edculo, isso se falar no Jorge Henrique que\u00a0fez feio, queria brigar e provocou a pr\u00f3pria expuls\u00e3o. Inadmiss\u00edvel &#8230;\u00a0<\/p>\n<p>O Corinthians ficou nervoso. Foi um absurdo. No final, M\u00e1rio Gobbi deu piti reclamando que n\u00e3o deixaram o time treinar no campo. &#8220;A sensa\u00e7\u00e3o da tribuna \u00e9 que ele operou o time do Corinthians aqui hoje&#8221;, declarou se referindo ao \u00e1rbitro. Tite tamb\u00e9m falou muito.\u00a0<\/p>\n<p>O ponto positivo foi a boa atua\u00e7\u00e3o do goleiro C\u00e1ssio. Agora \u00e9 esperar a decis\u00e3o no\u00a0Pacaembu. E a\u00ed, corintiano, \u00e9 hora de voc\u00ea dar a sua opini\u00e3o! O espa\u00e7o \u00e9 seu!<\/p>\n","protected":false},"excerpt":{"rendered":"<p>Um jogo muito chato e muitas reclama\u00e7\u00f5es contra o \u00e1rbitro ap\u00f3s a partida pelos lados dos corintianos\u00a0M\u00e1rio Gobbi e Tite. C\u00e1 entre\u00a0n\u00f3s, quem pensava que <a class=\"read-more\" href=\"https:\/\/blogs.gazetaesportiva.com\/michellegiannella\/2012\/05\/03\/emelec-e-corinthians\/\">leia mais<\/a><\/p>\n","protected":false},"author":14,"featured_media":0,"comment_status":"open","ping_status":"open","sticky":false,"template":"","format":"standard","meta":{"jetpack_post_was_ever_published":false,"_jetpack_newsletter_access":"","_jetpack_dont_email_post_to_subs":false,"_jetpack_newsletter_tier_id":0,"_jetpack_memberships_contains_paywalled_content":false,"_jetpack_memberships_contains_paid_content":false,"footnotes":"","jetpack_publicize_message":"","jetpack_publicize_feature_enabled":true,"jetpack_social_post_already_shared":false,"jetpack_social_options":{"image_generator_settings":{"template":"highway","default_image_id":0,"font":"","enabled":false},"version":2}},"categories":[1],"tags":[],"class_list":["post-1858","post","type-post","status-publish","format-standard","hentry","category-sem-categoria"],"jetpack_publicize_connections":[],"jetpack_featured_media_url":"","jetpack_sharing_enabled":true,"jetpack_shortlink":"https:\/\/wp.me\/p6rrMZ-tY","_links":{"self":[{"href":"https:\/\/blogs.gazetaesportiva.com\/michellegiannella\/wp-json\/wp\/v2\/posts\/1858","targetHints":{"allow":["GET"]}}],"collection":[{"href":"https:\/\/blogs.gazetaesportiva.com\/michellegiannella\/wp-json\/wp\/v2\/posts"}],"about":[{"href":"https:\/\/blogs.gazetaesportiva.com\/michellegiannella\/wp-json\/wp\/v2\/types\/post"}],"author":[{"embeddable":true,"href":"https:\/\/blogs.gazetaesportiva.com\/michellegiannella\/wp-json\/wp\/v2\/users\/14"}],"replies":[{"embeddable":true,"href":"https:\/\/blogs.gazetaesportiva.com\/michellegiannella\/wp-json\/wp\/v2\/comments?post=1858"}],"version-history":[{"count":0,"href":"https:\/\/blogs.gazetaesportiva.com\/michellegiannella\/wp-json\/wp\/v2\/posts\/1858\/revisions"}],"wp:attachment":[{"href":"https:\/\/blogs.gazetaesportiva.com\/michellegiannella\/wp-json\/wp\/v2\/media?parent=1858"}],"wp:term":[{"taxonomy":"category","embeddable":true,"href":"https:\/\/blogs.gazetaesportiva.com\/michellegiannella\/wp-json\/wp\/v2\/categories?post=1858"},{"taxonomy":"post_tag","embeddable":true,"href":"https:\/\/blogs.gazetaesportiva.com\/michellegiannella\/wp-json\/wp\/v2\/tags?post=1858"}],"curies":[{"name":"wp","href":"https:\/\/api.w.org\/{rel}","templated":true}]}}