{"id":1844,"date":"2012-04-29T18:07:21","date_gmt":"2012-04-29T21:07:21","guid":{"rendered":"https:\/\/blogs.gazetaesportiva.com\/michellegiannella\/?p=1844"},"modified":"2012-04-29T19:33:22","modified_gmt":"2012-04-29T22:33:22","slug":"neymar-3-sao-paulo-1","status":"publish","type":"post","link":"https:\/\/blogs.gazetaesportiva.com\/michellegiannella\/2012\/04\/29\/neymar-3-sao-paulo-1\/","title":{"rendered":"Neymar 3, S\u00e3o Paulo 1"},"content":{"rendered":"<figure id=\"attachment_1848\" aria-describedby=\"caption-attachment-1848\" style=\"width: 595px\" class=\"wp-caption aligncenter\"><a href=\"https:\/\/blogs.gazetaesportiva.com\/michellegiannella\/files\/2012\/04\/spfcxsantos-33.jpg\"><img loading=\"lazy\" decoding=\"async\" class=\"size-full wp-image-1848\" src=\"https:\/\/blogs.gazetaesportiva.com\/michellegiannella\/files\/2012\/04\/spfcxsantos-33.jpg\" alt=\"Foto: Marcelo Ferrelli\/Gazeta Press\" width=\"595\" height=\"386\" \/><\/a><figcaption id=\"caption-attachment-1848\" class=\"wp-caption-text\">Foto: Marcelo Ferrelli\/Gazeta Press<\/figcaption><\/figure>\n<p>Neymar \u00e9 mesmo um ET. Ele fez 3 gols no decidido time do S\u00e3o Paulo e ainda contribuiu para a expuls\u00e3o de um atleta do time advers\u00e1rio.<\/p>\n<p>O S\u00e3o Paulo jogou bem, caiu de p\u00e9, Lu\u00eds Fabiano fez falta, mas o time do Santos tem um rapaz que incendiou o gramado. Come\u00e7ou a partida marcando seu cent\u00e9simo gol de p\u00eanalti, no canto direito do goleiro, e depois ainda converteu em mais dois lindos lances.<\/p>\n<p>A torcida gritou ol\u00e9. Santos na final do Campeonato Paulista pela quarto ano consecutivo.<\/p>\n<p>Le\u00e3o no final do jogo, numa boa, deu bronquinha no Neymar. O atleta disse que o treinador deu alguns conselhos para sua carreira.<\/p>\n<p>Pintou o campe\u00e3o.<\/p>\n<p>E voc\u00ea, o que achou do cl\u00e1ssico? Mande seu recado pra mim.<\/p>\n","protected":false},"excerpt":{"rendered":"<p>Neymar \u00e9 mesmo um ET. Ele fez 3 gols no decidido time do S\u00e3o Paulo e ainda contribuiu para a expuls\u00e3o de um atleta do <a class=\"read-more\" href=\"https:\/\/blogs.gazetaesportiva.com\/michellegiannella\/2012\/04\/29\/neymar-3-sao-paulo-1\/\">leia mais<\/a><\/p>\n","protected":false},"author":14,"featured_media":1848,"comment_status":"open","ping_status":"open","sticky":false,"template":"","format":"standard","meta":{"jetpack_post_was_ever_published":false,"_jetpack_newsletter_access":"","_jetpack_dont_email_post_to_subs":false,"_jetpack_newsletter_tier_id":0,"_jetpack_memberships_contains_paywalled_content":false,"_jetpack_memberships_contains_paid_content":false,"footnotes":"","jetpack_publicize_message":"","jetpack_publicize_feature_enabled":true,"jetpack_social_post_already_shared":false,"jetpack_social_options":{"image_generator_settings":{"template":"highway","default_image_id":0,"font":"","enabled":false},"version":2}},"categories":[1],"tags":[],"class_list":["post-1844","post","type-post","status-publish","format-standard","has-post-thumbnail","hentry","category-sem-categoria"],"jetpack_publicize_connections":[],"jetpack_featured_media_url":"https:\/\/blogs.gazetaesportiva.com\/michellegiannella\/files\/2012\/04\/spfcxsantos-33.jpg","jetpack_sharing_enabled":true,"jetpack_shortlink":"https:\/\/wp.me\/p6rrMZ-tK","_links":{"self":[{"href":"https:\/\/blogs.gazetaesportiva.com\/michellegiannella\/wp-json\/wp\/v2\/posts\/1844","targetHints":{"allow":["GET"]}}],"collection":[{"href":"https:\/\/blogs.gazetaesportiva.com\/michellegiannella\/wp-json\/wp\/v2\/posts"}],"about":[{"href":"https:\/\/blogs.gazetaesportiva.com\/michellegiannella\/wp-json\/wp\/v2\/types\/post"}],"author":[{"embeddable":true,"href":"https:\/\/blogs.gazetaesportiva.com\/michellegiannella\/wp-json\/wp\/v2\/users\/14"}],"replies":[{"embeddable":true,"href":"https:\/\/blogs.gazetaesportiva.com\/michellegiannella\/wp-json\/wp\/v2\/comments?post=1844"}],"version-history":[{"count":0,"href":"https:\/\/blogs.gazetaesportiva.com\/michellegiannella\/wp-json\/wp\/v2\/posts\/1844\/revisions"}],"wp:featuredmedia":[{"embeddable":true,"href":"https:\/\/blogs.gazetaesportiva.com\/michellegiannella\/wp-json\/wp\/v2\/media\/1848"}],"wp:attachment":[{"href":"https:\/\/blogs.gazetaesportiva.com\/michellegiannella\/wp-json\/wp\/v2\/media?parent=1844"}],"wp:term":[{"taxonomy":"category","embeddable":true,"href":"https:\/\/blogs.gazetaesportiva.com\/michellegiannella\/wp-json\/wp\/v2\/categories?post=1844"},{"taxonomy":"post_tag","embeddable":true,"href":"https:\/\/blogs.gazetaesportiva.com\/michellegiannella\/wp-json\/wp\/v2\/tags?post=1844"}],"curies":[{"name":"wp","href":"https:\/\/api.w.org\/{rel}","templated":true}]}}