{"id":1822,"date":"2012-04-22T22:29:13","date_gmt":"2012-04-23T01:29:13","guid":{"rendered":"https:\/\/blogs.gazetaesportiva.com\/michellegiannella\/?p=1822"},"modified":"2012-04-22T23:16:17","modified_gmt":"2012-04-23T02:16:17","slug":"a-macaca-deu-o-bote-no-gaviao","status":"publish","type":"post","link":"https:\/\/blogs.gazetaesportiva.com\/michellegiannella\/2012\/04\/22\/a-macaca-deu-o-bote-no-gaviao\/","title":{"rendered":"A macaca deu o bote no gavi\u00e3o!"},"content":{"rendered":"<figure id=\"attachment_1827\" aria-describedby=\"caption-attachment-1827\" style=\"width: 595px\" class=\"wp-caption aligncenter\"><a href=\"https:\/\/blogs.gazetaesportiva.com\/michellegiannella\/files\/2012\/04\/julio_cesar_michele_2204_sb.jpg\"><img loading=\"lazy\" decoding=\"async\" class=\"size-full wp-image-1827\" src=\"https:\/\/blogs.gazetaesportiva.com\/michellegiannella\/files\/2012\/04\/julio_cesar_michele_2204_sb.jpg\" alt=\"Foto: S\u00e9rgio Barzaghi\/Gazeta Press\" width=\"595\" height=\"403\" \/><\/a><figcaption id=\"caption-attachment-1827\" class=\"wp-caption-text\">Roger(E), jogador da Ponte Preta, comemora seu gol observado por J\u00falio C\u00e9sar, goleiro do Corinthians<\/figcaption><\/figure>\n<p>Corinthians e Ponte Preta. O Corinthians jogou muito\u00a0mal. Deu\u00a0d\u00f3 ver o time em campo no primeiro tempo.\u00a0Foi uma atua\u00e7\u00e3o vexat\u00f3ria em campo. O primeiro colocado tomou um vareio dentro de campo\u00a0do oitavo da tabela.<\/p>\n<p>J\u00falio C\u00e9sar falhou, foi embora chorando e cercado por seguran\u00e7as. Mas ele fez pelo menos tr\u00eas defesas important\u00edssimas. N\u00e3o podemos colocar a culpa s\u00f3 no goleiro. H\u00e1 uma equipe inteira dentro de campo que n\u00e3o fez corretamente o dever de casa.<\/p>\n<p>Ali\u00e1s, n\u00e3o temos que falar do Corinthians e sim da Ponte Preta. Essa \u00e9 a magia do futebol: nem sempre o melhor vence, nem sempre o favorito leva&#8230; A macaca fez bonito e entrou com garra.<\/p>\n<p>Corinthians eliminado pela Ponte nas quartas de final do Paulist\u00e3o. Quem poderia imaginar? Coisas do futebol&#8230;<\/p>\n","protected":false},"excerpt":{"rendered":"<p>Corinthians e Ponte Preta. O Corinthians jogou muito\u00a0mal. Deu\u00a0d\u00f3 ver o time em campo no primeiro tempo.\u00a0Foi uma atua\u00e7\u00e3o vexat\u00f3ria em campo. O primeiro colocado <a class=\"read-more\" href=\"https:\/\/blogs.gazetaesportiva.com\/michellegiannella\/2012\/04\/22\/a-macaca-deu-o-bote-no-gaviao\/\">leia mais<\/a><\/p>\n","protected":false},"author":14,"featured_media":1827,"comment_status":"open","ping_status":"open","sticky":false,"template":"","format":"standard","meta":{"jetpack_post_was_ever_published":false,"_jetpack_newsletter_access":"","_jetpack_dont_email_post_to_subs":false,"_jetpack_newsletter_tier_id":0,"_jetpack_memberships_contains_paywalled_content":false,"_jetpack_memberships_contains_paid_content":false,"footnotes":"","jetpack_publicize_message":"","jetpack_publicize_feature_enabled":true,"jetpack_social_post_already_shared":false,"jetpack_social_options":{"image_generator_settings":{"template":"highway","default_image_id":0,"font":"","enabled":false},"version":2}},"categories":[1],"tags":[],"class_list":["post-1822","post","type-post","status-publish","format-standard","has-post-thumbnail","hentry","category-sem-categoria"],"jetpack_publicize_connections":[],"jetpack_featured_media_url":"https:\/\/blogs.gazetaesportiva.com\/michellegiannella\/files\/2012\/04\/julio_cesar_michele_2204_sb.jpg","jetpack_sharing_enabled":true,"jetpack_shortlink":"https:\/\/wp.me\/p6rrMZ-to","_links":{"self":[{"href":"https:\/\/blogs.gazetaesportiva.com\/michellegiannella\/wp-json\/wp\/v2\/posts\/1822","targetHints":{"allow":["GET"]}}],"collection":[{"href":"https:\/\/blogs.gazetaesportiva.com\/michellegiannella\/wp-json\/wp\/v2\/posts"}],"about":[{"href":"https:\/\/blogs.gazetaesportiva.com\/michellegiannella\/wp-json\/wp\/v2\/types\/post"}],"author":[{"embeddable":true,"href":"https:\/\/blogs.gazetaesportiva.com\/michellegiannella\/wp-json\/wp\/v2\/users\/14"}],"replies":[{"embeddable":true,"href":"https:\/\/blogs.gazetaesportiva.com\/michellegiannella\/wp-json\/wp\/v2\/comments?post=1822"}],"version-history":[{"count":0,"href":"https:\/\/blogs.gazetaesportiva.com\/michellegiannella\/wp-json\/wp\/v2\/posts\/1822\/revisions"}],"wp:featuredmedia":[{"embeddable":true,"href":"https:\/\/blogs.gazetaesportiva.com\/michellegiannella\/wp-json\/wp\/v2\/media\/1827"}],"wp:attachment":[{"href":"https:\/\/blogs.gazetaesportiva.com\/michellegiannella\/wp-json\/wp\/v2\/media?parent=1822"}],"wp:term":[{"taxonomy":"category","embeddable":true,"href":"https:\/\/blogs.gazetaesportiva.com\/michellegiannella\/wp-json\/wp\/v2\/categories?post=1822"},{"taxonomy":"post_tag","embeddable":true,"href":"https:\/\/blogs.gazetaesportiva.com\/michellegiannella\/wp-json\/wp\/v2\/tags?post=1822"}],"curies":[{"name":"wp","href":"https:\/\/api.w.org\/{rel}","templated":true}]}}