{"id":1820,"date":"2012-04-19T18:21:56","date_gmt":"2012-04-19T21:21:56","guid":{"rendered":"https:\/\/blogs.gazetaesportiva.com\/michellegiannella\/?p=1820"},"modified":"2012-04-19T18:21:56","modified_gmt":"2012-04-19T21:21:56","slug":"corinthians-6-fora-o-show","status":"publish","type":"post","link":"https:\/\/blogs.gazetaesportiva.com\/michellegiannella\/2012\/04\/19\/corinthians-6-fora-o-show\/","title":{"rendered":"Corinthians 6, fora o show!"},"content":{"rendered":"<p>6 a 0 na \u00faltima rodada, fora o show. Foi assim que o Corinthians se despediu da primeira fase da Libertadores contra o Deportivo T\u00e1chira.<\/p>\n<p>Primeira goleada do ano, fazia tempo que o TIm\u00e3o n\u00e3o dava um baile em campo.\u00a0Pois \u00e9, ningu\u00e9m imaginava&#8230;\u00a0Foi a maior goleada da era Tite.<\/p>\n<p>O Corinthians tem m\u00e9ritos. O time \u00e9 muito consciente do ponto de vista t\u00e1tico. A equipe convenceu a torcida, definitivamente.<\/p>\n<p>Li\u00e9dson cobrou p\u00eanalti, errou, mas conseguiu se redimir. Todo mundo foi abra\u00e7\u00e1-lo. Uni\u00e3o do elenco em campo.<\/p>\n<p>Agora entraremos na fase de mata-mata da Libertadores. O Corinthians, por tudo que tem demonstrado,\u00a0\u00e9 s\u00e9rio candidato ao t\u00edtulo. Na minha opini\u00e3o, pintou o campe\u00e3o. E na sua?<\/p>\n","protected":false},"excerpt":{"rendered":"<p>6 a 0 na \u00faltima rodada, fora o show. Foi assim que o Corinthians se despediu da primeira fase da Libertadores contra o Deportivo T\u00e1chira. <a class=\"read-more\" href=\"https:\/\/blogs.gazetaesportiva.com\/michellegiannella\/2012\/04\/19\/corinthians-6-fora-o-show\/\">leia mais<\/a><\/p>\n","protected":false},"author":14,"featured_media":0,"comment_status":"open","ping_status":"open","sticky":false,"template":"","format":"standard","meta":{"jetpack_post_was_ever_published":false,"_jetpack_newsletter_access":"","_jetpack_dont_email_post_to_subs":false,"_jetpack_newsletter_tier_id":0,"_jetpack_memberships_contains_paywalled_content":false,"_jetpack_memberships_contains_paid_content":false,"footnotes":"","jetpack_publicize_message":"","jetpack_publicize_feature_enabled":true,"jetpack_social_post_already_shared":false,"jetpack_social_options":{"image_generator_settings":{"template":"highway","default_image_id":0,"font":"","enabled":false},"version":2}},"categories":[1],"tags":[],"class_list":["post-1820","post","type-post","status-publish","format-standard","hentry","category-sem-categoria"],"jetpack_publicize_connections":[],"jetpack_featured_media_url":"","jetpack_sharing_enabled":true,"jetpack_shortlink":"https:\/\/wp.me\/p6rrMZ-tm","_links":{"self":[{"href":"https:\/\/blogs.gazetaesportiva.com\/michellegiannella\/wp-json\/wp\/v2\/posts\/1820","targetHints":{"allow":["GET"]}}],"collection":[{"href":"https:\/\/blogs.gazetaesportiva.com\/michellegiannella\/wp-json\/wp\/v2\/posts"}],"about":[{"href":"https:\/\/blogs.gazetaesportiva.com\/michellegiannella\/wp-json\/wp\/v2\/types\/post"}],"author":[{"embeddable":true,"href":"https:\/\/blogs.gazetaesportiva.com\/michellegiannella\/wp-json\/wp\/v2\/users\/14"}],"replies":[{"embeddable":true,"href":"https:\/\/blogs.gazetaesportiva.com\/michellegiannella\/wp-json\/wp\/v2\/comments?post=1820"}],"version-history":[{"count":0,"href":"https:\/\/blogs.gazetaesportiva.com\/michellegiannella\/wp-json\/wp\/v2\/posts\/1820\/revisions"}],"wp:attachment":[{"href":"https:\/\/blogs.gazetaesportiva.com\/michellegiannella\/wp-json\/wp\/v2\/media?parent=1820"}],"wp:term":[{"taxonomy":"category","embeddable":true,"href":"https:\/\/blogs.gazetaesportiva.com\/michellegiannella\/wp-json\/wp\/v2\/categories?post=1820"},{"taxonomy":"post_tag","embeddable":true,"href":"https:\/\/blogs.gazetaesportiva.com\/michellegiannella\/wp-json\/wp\/v2\/tags?post=1820"}],"curies":[{"name":"wp","href":"https:\/\/api.w.org\/{rel}","templated":true}]}}