{"id":1804,"date":"2012-04-15T21:53:27","date_gmt":"2012-04-16T00:53:27","guid":{"rendered":"https:\/\/blogs.gazetaesportiva.com\/michellegiannella\/?p=1804"},"modified":"2012-04-15T22:04:38","modified_gmt":"2012-04-16T01:04:38","slug":"o-que-acontece-com-o-palmeiras","status":"publish","type":"post","link":"https:\/\/blogs.gazetaesportiva.com\/michellegiannella\/2012\/04\/15\/o-que-acontece-com-o-palmeiras\/","title":{"rendered":"O que acontece com o Palmeiras?"},"content":{"rendered":"<p>O Palmeiras tinha dois jogadores a mais em campo.<\/p>\n<p>O advers\u00e1rio era o Comercial de Ribeir\u00e3o Preto, j\u00e1 rebaixado.<\/p>\n<p>Ningu\u00e9m entende como uma equipe que ficou 22 partidas sem perder pode atuar de maneira t\u00e3o pequena, desorganizada\u00a0e omissa dentro de campo.<\/p>\n<p>O Palmeiras termina a primeira fase do Campeonato em quinto lugar,e um gosto amargo na boca.\u00a0Apesar do empate, o time saiu vaiado de campo. N\u00e3o\u00a0\u00e9 pra menos. At\u00e9 Felip\u00e3o disse que a atua\u00e7\u00e3o da equipe foi nota zero.<\/p>\n<p>Ningu\u00e9m sabe\u00a0onde foi parar o alviverde imponente. Voc\u00ea tem alguma ideia?\u00a0O espa\u00e7o \u00e9 seu&#8230;<\/p>\n","protected":false},"excerpt":{"rendered":"<p>O Palmeiras tinha dois jogadores a mais em campo. O advers\u00e1rio era o Comercial de Ribeir\u00e3o Preto, j\u00e1 rebaixado. Ningu\u00e9m entende como uma equipe que <a class=\"read-more\" href=\"https:\/\/blogs.gazetaesportiva.com\/michellegiannella\/2012\/04\/15\/o-que-acontece-com-o-palmeiras\/\">leia mais<\/a><\/p>\n","protected":false},"author":14,"featured_media":1810,"comment_status":"open","ping_status":"open","sticky":false,"template":"","format":"standard","meta":{"jetpack_post_was_ever_published":false,"_jetpack_newsletter_access":"","_jetpack_dont_email_post_to_subs":false,"_jetpack_newsletter_tier_id":0,"_jetpack_memberships_contains_paywalled_content":false,"_jetpack_memberships_contains_paid_content":false,"footnotes":"","jetpack_publicize_message":"","jetpack_publicize_feature_enabled":true,"jetpack_social_post_already_shared":false,"jetpack_social_options":{"image_generator_settings":{"template":"highway","default_image_id":0,"font":"","enabled":false},"version":2}},"categories":[1],"tags":[],"class_list":["post-1804","post","type-post","status-publish","format-standard","has-post-thumbnail","hentry","category-sem-categoria"],"jetpack_publicize_connections":[],"jetpack_featured_media_url":"https:\/\/blogs.gazetaesportiva.com\/michellegiannella\/files\/2012\/04\/felipao_150412_sb595.jpg","jetpack_sharing_enabled":true,"jetpack_shortlink":"https:\/\/wp.me\/p6rrMZ-t6","_links":{"self":[{"href":"https:\/\/blogs.gazetaesportiva.com\/michellegiannella\/wp-json\/wp\/v2\/posts\/1804","targetHints":{"allow":["GET"]}}],"collection":[{"href":"https:\/\/blogs.gazetaesportiva.com\/michellegiannella\/wp-json\/wp\/v2\/posts"}],"about":[{"href":"https:\/\/blogs.gazetaesportiva.com\/michellegiannella\/wp-json\/wp\/v2\/types\/post"}],"author":[{"embeddable":true,"href":"https:\/\/blogs.gazetaesportiva.com\/michellegiannella\/wp-json\/wp\/v2\/users\/14"}],"replies":[{"embeddable":true,"href":"https:\/\/blogs.gazetaesportiva.com\/michellegiannella\/wp-json\/wp\/v2\/comments?post=1804"}],"version-history":[{"count":0,"href":"https:\/\/blogs.gazetaesportiva.com\/michellegiannella\/wp-json\/wp\/v2\/posts\/1804\/revisions"}],"wp:featuredmedia":[{"embeddable":true,"href":"https:\/\/blogs.gazetaesportiva.com\/michellegiannella\/wp-json\/wp\/v2\/media\/1810"}],"wp:attachment":[{"href":"https:\/\/blogs.gazetaesportiva.com\/michellegiannella\/wp-json\/wp\/v2\/media?parent=1804"}],"wp:term":[{"taxonomy":"category","embeddable":true,"href":"https:\/\/blogs.gazetaesportiva.com\/michellegiannella\/wp-json\/wp\/v2\/categories?post=1804"},{"taxonomy":"post_tag","embeddable":true,"href":"https:\/\/blogs.gazetaesportiva.com\/michellegiannella\/wp-json\/wp\/v2\/tags?post=1804"}],"curies":[{"name":"wp","href":"https:\/\/api.w.org\/{rel}","templated":true}]}}