{"id":1801,"date":"2012-04-12T18:06:49","date_gmt":"2012-04-12T21:06:49","guid":{"rendered":"https:\/\/blogs.gazetaesportiva.com\/michellegiannella\/?p=1801"},"modified":"2012-04-12T18:06:49","modified_gmt":"2012-04-12T21:06:49","slug":"corinthians-classificado-para-o-mata-mata","status":"publish","type":"post","link":"https:\/\/blogs.gazetaesportiva.com\/michellegiannella\/2012\/04\/12\/corinthians-classificado-para-o-mata-mata\/","title":{"rendered":"Corinthians classificado para o mata-mata!"},"content":{"rendered":"<p>Pois \u00e9, o Corinthians tem feito a li\u00e7\u00e3o de casa.\u00a0\u00c9 um time fechado, que n\u00e3o joga bonito, mas que sabe seu objetivo em campo. Tite conseguiu um grupo de jogadores que se respeita. Existe harmonia na equipe, tanto que o atleta que fica\u00a0fora do jogo ou da rela\u00e7\u00e3o para a partida n\u00e3o cria caso.<\/p>\n<p>Li\u00e7\u00e3o de casa feita em Ciudad del Leste contra o fraco Nacional. 16 mil corintianos fizeram a festa.<\/p>\n<p>Agora a classifica\u00e7\u00e3o para o mata-mata j\u00e1 est\u00e1 garantida. Voc\u00ea acha que o Corinthians vai conquistar a Ta\u00e7a Libertadores? Estou confiante neste time. Agora \u00e9 esperar pra ver&#8230;<\/p>\n","protected":false},"excerpt":{"rendered":"<p>Pois \u00e9, o Corinthians tem feito a li\u00e7\u00e3o de casa.\u00a0\u00c9 um time fechado, que n\u00e3o joga bonito, mas que sabe seu objetivo em campo. Tite <a class=\"read-more\" href=\"https:\/\/blogs.gazetaesportiva.com\/michellegiannella\/2012\/04\/12\/corinthians-classificado-para-o-mata-mata\/\">leia mais<\/a><\/p>\n","protected":false},"author":14,"featured_media":0,"comment_status":"open","ping_status":"open","sticky":false,"template":"","format":"standard","meta":{"jetpack_post_was_ever_published":false,"_jetpack_newsletter_access":"","_jetpack_dont_email_post_to_subs":false,"_jetpack_newsletter_tier_id":0,"_jetpack_memberships_contains_paywalled_content":false,"_jetpack_memberships_contains_paid_content":false,"footnotes":"","jetpack_publicize_message":"","jetpack_publicize_feature_enabled":true,"jetpack_social_post_already_shared":false,"jetpack_social_options":{"image_generator_settings":{"template":"highway","default_image_id":0,"font":"","enabled":false},"version":2}},"categories":[1],"tags":[],"class_list":["post-1801","post","type-post","status-publish","format-standard","hentry","category-sem-categoria"],"jetpack_publicize_connections":[],"jetpack_featured_media_url":"","jetpack_sharing_enabled":true,"jetpack_shortlink":"https:\/\/wp.me\/p6rrMZ-t3","_links":{"self":[{"href":"https:\/\/blogs.gazetaesportiva.com\/michellegiannella\/wp-json\/wp\/v2\/posts\/1801","targetHints":{"allow":["GET"]}}],"collection":[{"href":"https:\/\/blogs.gazetaesportiva.com\/michellegiannella\/wp-json\/wp\/v2\/posts"}],"about":[{"href":"https:\/\/blogs.gazetaesportiva.com\/michellegiannella\/wp-json\/wp\/v2\/types\/post"}],"author":[{"embeddable":true,"href":"https:\/\/blogs.gazetaesportiva.com\/michellegiannella\/wp-json\/wp\/v2\/users\/14"}],"replies":[{"embeddable":true,"href":"https:\/\/blogs.gazetaesportiva.com\/michellegiannella\/wp-json\/wp\/v2\/comments?post=1801"}],"version-history":[{"count":0,"href":"https:\/\/blogs.gazetaesportiva.com\/michellegiannella\/wp-json\/wp\/v2\/posts\/1801\/revisions"}],"wp:attachment":[{"href":"https:\/\/blogs.gazetaesportiva.com\/michellegiannella\/wp-json\/wp\/v2\/media?parent=1801"}],"wp:term":[{"taxonomy":"category","embeddable":true,"href":"https:\/\/blogs.gazetaesportiva.com\/michellegiannella\/wp-json\/wp\/v2\/categories?post=1801"},{"taxonomy":"post_tag","embeddable":true,"href":"https:\/\/blogs.gazetaesportiva.com\/michellegiannella\/wp-json\/wp\/v2\/tags?post=1801"}],"curies":[{"name":"wp","href":"https:\/\/api.w.org\/{rel}","templated":true}]}}