{"id":1793,"date":"2012-04-10T16:19:58","date_gmt":"2012-04-10T19:19:58","guid":{"rendered":"https:\/\/blogs.gazetaesportiva.com\/michellegiannella\/?p=1793"},"modified":"2012-04-10T16:19:58","modified_gmt":"2012-04-10T19:19:58","slug":"mesa-redonda-08-de-abril","status":"publish","type":"post","link":"https:\/\/blogs.gazetaesportiva.com\/michellegiannella\/2012\/04\/10\/mesa-redonda-08-de-abril\/","title":{"rendered":"Mesa Redonda 08 de abril"},"content":{"rendered":"<p>O programa deste domingo repercutiu muito com as presen\u00e7as de Andres Sanchez e Marcos Assun\u00e7\u00e3o! Algumas fotinhos pra voc\u00eas.<\/p>\n<p><a href=\"https:\/\/blogs.gazetaesportiva.com\/michellegiannella\/files\/2012\/04\/DSC01519_640x480.jpg\"><img loading=\"lazy\" decoding=\"async\" class=\"aligncenter size-full wp-image-1794\" src=\"https:\/\/blogs.gazetaesportiva.com\/michellegiannella\/files\/2012\/04\/DSC01519_640x480.jpg\" alt=\"\" width=\"480\" height=\"640\" \/><\/a><\/p>\n<p><a href=\"https:\/\/blogs.gazetaesportiva.com\/michellegiannella\/files\/2012\/04\/DSC01522_640x480.jpg\"><img loading=\"lazy\" decoding=\"async\" class=\"aligncenter size-full wp-image-1795\" src=\"https:\/\/blogs.gazetaesportiva.com\/michellegiannella\/files\/2012\/04\/DSC01522_640x480.jpg\" alt=\"\" width=\"640\" height=\"480\" \/><\/a><\/p>\n<p><a href=\"https:\/\/blogs.gazetaesportiva.com\/michellegiannella\/files\/2012\/04\/DSC01525_640x480.jpg\"><img loading=\"lazy\" decoding=\"async\" class=\"aligncenter size-full wp-image-1796\" src=\"https:\/\/blogs.gazetaesportiva.com\/michellegiannella\/files\/2012\/04\/DSC01525_640x480.jpg\" alt=\"\" width=\"640\" height=\"480\" \/><\/a><\/p>\n<p><a href=\"https:\/\/blogs.gazetaesportiva.com\/michellegiannella\/files\/2012\/04\/DSC01527_640x480.jpg\"><img loading=\"lazy\" decoding=\"async\" class=\"aligncenter size-full wp-image-1797\" src=\"https:\/\/blogs.gazetaesportiva.com\/michellegiannella\/files\/2012\/04\/DSC01527_640x480.jpg\" alt=\"\" width=\"640\" height=\"480\" \/><\/a><\/p>\n<p><a href=\"https:\/\/blogs.gazetaesportiva.com\/michellegiannella\/files\/2012\/04\/DSC01528_640x480.jpg\"><img loading=\"lazy\" decoding=\"async\" class=\"aligncenter size-full wp-image-1798\" src=\"https:\/\/blogs.gazetaesportiva.com\/michellegiannella\/files\/2012\/04\/DSC01528_640x480.jpg\" alt=\"\" width=\"640\" height=\"480\" \/><\/a><\/p>\n","protected":false},"excerpt":{"rendered":"<p>O programa deste domingo repercutiu muito com as presen\u00e7as de Andres Sanchez e Marcos Assun\u00e7\u00e3o! Algumas fotinhos pra voc\u00eas.<\/p>\n","protected":false},"author":14,"featured_media":1795,"comment_status":"open","ping_status":"open","sticky":false,"template":"","format":"standard","meta":{"jetpack_post_was_ever_published":false,"_jetpack_newsletter_access":"","_jetpack_dont_email_post_to_subs":false,"_jetpack_newsletter_tier_id":0,"_jetpack_memberships_contains_paywalled_content":false,"_jetpack_memberships_contains_paid_content":false,"footnotes":"","jetpack_publicize_message":"","jetpack_publicize_feature_enabled":true,"jetpack_social_post_already_shared":false,"jetpack_social_options":{"image_generator_settings":{"template":"highway","default_image_id":0,"font":"","enabled":false},"version":2}},"categories":[1],"tags":[],"class_list":["post-1793","post","type-post","status-publish","format-standard","has-post-thumbnail","hentry","category-sem-categoria"],"jetpack_publicize_connections":[],"jetpack_featured_media_url":"https:\/\/blogs.gazetaesportiva.com\/michellegiannella\/files\/2012\/04\/DSC01522_640x480.jpg","jetpack_sharing_enabled":true,"jetpack_shortlink":"https:\/\/wp.me\/p6rrMZ-sV","_links":{"self":[{"href":"https:\/\/blogs.gazetaesportiva.com\/michellegiannella\/wp-json\/wp\/v2\/posts\/1793","targetHints":{"allow":["GET"]}}],"collection":[{"href":"https:\/\/blogs.gazetaesportiva.com\/michellegiannella\/wp-json\/wp\/v2\/posts"}],"about":[{"href":"https:\/\/blogs.gazetaesportiva.com\/michellegiannella\/wp-json\/wp\/v2\/types\/post"}],"author":[{"embeddable":true,"href":"https:\/\/blogs.gazetaesportiva.com\/michellegiannella\/wp-json\/wp\/v2\/users\/14"}],"replies":[{"embeddable":true,"href":"https:\/\/blogs.gazetaesportiva.com\/michellegiannella\/wp-json\/wp\/v2\/comments?post=1793"}],"version-history":[{"count":0,"href":"https:\/\/blogs.gazetaesportiva.com\/michellegiannella\/wp-json\/wp\/v2\/posts\/1793\/revisions"}],"wp:featuredmedia":[{"embeddable":true,"href":"https:\/\/blogs.gazetaesportiva.com\/michellegiannella\/wp-json\/wp\/v2\/media\/1795"}],"wp:attachment":[{"href":"https:\/\/blogs.gazetaesportiva.com\/michellegiannella\/wp-json\/wp\/v2\/media?parent=1793"}],"wp:term":[{"taxonomy":"category","embeddable":true,"href":"https:\/\/blogs.gazetaesportiva.com\/michellegiannella\/wp-json\/wp\/v2\/categories?post=1793"},{"taxonomy":"post_tag","embeddable":true,"href":"https:\/\/blogs.gazetaesportiva.com\/michellegiannella\/wp-json\/wp\/v2\/tags?post=1793"}],"curies":[{"name":"wp","href":"https:\/\/api.w.org\/{rel}","templated":true}]}}