{"id":1791,"date":"2012-04-06T18:03:55","date_gmt":"2012-04-06T21:03:55","guid":{"rendered":"https:\/\/blogs.gazetaesportiva.com\/michellegiannella\/?p=1791"},"modified":"2012-04-06T18:03:55","modified_gmt":"2012-04-06T21:03:55","slug":"adriano-tem-jeito-2","status":"publish","type":"post","link":"https:\/\/blogs.gazetaesportiva.com\/michellegiannella\/2012\/04\/06\/adriano-tem-jeito-2\/","title":{"rendered":"Adriano tem jeito?"},"content":{"rendered":"<p>Pois \u00e9, Adriano ter\u00e1 que ser operado novamente.\u00a0\u00a0Dr.\u00a0Jos\u00e9 Lu\u00eds Runco, m\u00e9dico do\u00a0Flamengo,\u00a0deu o parecer e o atleta ter\u00e1 que\u00a0passar por nova cirurgia no tend\u00e3o de Aquiles. Previs\u00e3o de recupera\u00e7\u00e3o: 90 dias.<\/p>\n<p>O Corinthians realizou o procedimento m\u00e9dico corretamente, segundo Runco. No entanto, o pr\u00f3prio Adriano admitiu que faltou a algumas sess\u00f5es de fisioterapia. Segundo dados do Corinthians, ele falou a 67 sess\u00f5es! Enfim,\u00a0o p\u00f3s operat\u00f3rio deixou muito a desejar.\u00a0<\/p>\n<p>O Corinthians cometeu um \u00fanico erro: contratar o Adriano. O resto, tudo o que poderia ter sido\u00a0feito pelo atleta, o clube fez.<\/p>\n<p>Agora caber\u00e1 ao Flamengo decidir se Adriano ter\u00e1 ou n\u00e3o condi\u00e7\u00f5es de integrar o elenco da G\u00e1vea. Uma pena termos d\u00favidas em rela\u00e7\u00e3o a um atleta que j\u00e1 foi chamado de Imperador e tem apenas 30 anos. Fa\u00e7am suas apostas&#8230;<\/p>\n","protected":false},"excerpt":{"rendered":"<p>Pois \u00e9, Adriano ter\u00e1 que ser operado novamente.\u00a0\u00a0Dr.\u00a0Jos\u00e9 Lu\u00eds Runco, m\u00e9dico do\u00a0Flamengo,\u00a0deu o parecer e o atleta ter\u00e1 que\u00a0passar por nova cirurgia no tend\u00e3o de <a class=\"read-more\" href=\"https:\/\/blogs.gazetaesportiva.com\/michellegiannella\/2012\/04\/06\/adriano-tem-jeito-2\/\">leia mais<\/a><\/p>\n","protected":false},"author":14,"featured_media":0,"comment_status":"open","ping_status":"open","sticky":false,"template":"","format":"standard","meta":{"jetpack_post_was_ever_published":false,"_jetpack_newsletter_access":"","_jetpack_dont_email_post_to_subs":false,"_jetpack_newsletter_tier_id":0,"_jetpack_memberships_contains_paywalled_content":false,"_jetpack_memberships_contains_paid_content":false,"footnotes":"","jetpack_publicize_message":"","jetpack_publicize_feature_enabled":true,"jetpack_social_post_already_shared":false,"jetpack_social_options":{"image_generator_settings":{"template":"highway","default_image_id":0,"font":"","enabled":false},"version":2}},"categories":[1],"tags":[],"class_list":["post-1791","post","type-post","status-publish","format-standard","hentry","category-sem-categoria"],"jetpack_publicize_connections":[],"jetpack_featured_media_url":"","jetpack_sharing_enabled":true,"jetpack_shortlink":"https:\/\/wp.me\/p6rrMZ-sT","_links":{"self":[{"href":"https:\/\/blogs.gazetaesportiva.com\/michellegiannella\/wp-json\/wp\/v2\/posts\/1791","targetHints":{"allow":["GET"]}}],"collection":[{"href":"https:\/\/blogs.gazetaesportiva.com\/michellegiannella\/wp-json\/wp\/v2\/posts"}],"about":[{"href":"https:\/\/blogs.gazetaesportiva.com\/michellegiannella\/wp-json\/wp\/v2\/types\/post"}],"author":[{"embeddable":true,"href":"https:\/\/blogs.gazetaesportiva.com\/michellegiannella\/wp-json\/wp\/v2\/users\/14"}],"replies":[{"embeddable":true,"href":"https:\/\/blogs.gazetaesportiva.com\/michellegiannella\/wp-json\/wp\/v2\/comments?post=1791"}],"version-history":[{"count":0,"href":"https:\/\/blogs.gazetaesportiva.com\/michellegiannella\/wp-json\/wp\/v2\/posts\/1791\/revisions"}],"wp:attachment":[{"href":"https:\/\/blogs.gazetaesportiva.com\/michellegiannella\/wp-json\/wp\/v2\/media?parent=1791"}],"wp:term":[{"taxonomy":"category","embeddable":true,"href":"https:\/\/blogs.gazetaesportiva.com\/michellegiannella\/wp-json\/wp\/v2\/categories?post=1791"},{"taxonomy":"post_tag","embeddable":true,"href":"https:\/\/blogs.gazetaesportiva.com\/michellegiannella\/wp-json\/wp\/v2\/tags?post=1791"}],"curies":[{"name":"wp","href":"https:\/\/api.w.org\/{rel}","templated":true}]}}