{"id":9221,"date":"2024-08-05T15:48:34","date_gmt":"2024-08-05T18:48:34","guid":{"rendered":"https:\/\/blogs.gazetaesportiva.com\/chicolang\/?p=9221"},"modified":"2024-08-05T17:14:07","modified_gmt":"2024-08-05T20:14:07","slug":"os-cinco-erros-do-corinthians-de-ramon-diaz","status":"publish","type":"post","link":"https:\/\/blogs.gazetaesportiva.com\/chicolang\/2024\/08\/05\/os-cinco-erros-do-corinthians-de-ramon-diaz\/","title":{"rendered":"Os cinco erros do Corinthians de Ramon Diaz!"},"content":{"rendered":"<p>Quando o t\u00e9cnico Ramon Diaz assumiu deu um novo \u00e2nimo ao Corinthians. Foram duas vit\u00f3rias seguidas e brilhou uma luz no fim do t\u00fanel para escapar do Z4. Ocorre que uma s\u00e9rie de problemas est\u00e3o ocorrendo na equipe que impedem o deslanchar t\u00e3o esperado pela Fiel torcida.<\/p>\n<p>1- Falta um l\u00edder em campo. Ningu\u00e9m chama para si a responsabilidade de colocar a casa em ordem. Time sente a aus\u00eancia de algu\u00e9m de cabe\u00e7a fria e cora\u00e7\u00e3o quente, como diria o t\u00e9cnico do Palmeiras, Abel Ferreira. No passado recente\u00a0 C\u00e1ssio, Gil e Renato Augusto exerciam esse papel e ganharam muitos jogos por isso. Grupo parece um bando perdido em campo, correndo para n\u00e3o chegar.<\/p>\n<p>2- Andr\u00e9 Ramalho e F\u00e9lix Torres ainda n\u00e3o se entenderam, n\u00e3o falam a mesma l\u00edngua, sem dizer que pecam na qualidade da sa\u00edda de bola. Lembrando que jogador bom em time ruim acaba sendo nivelado por baixo. Mal posicionados no gramado. Corinthians toma um ou dois gols por jogo. Falta Ramon Diaz acertar a &#8220;cozinha&#8221; antes de pensar em qualquer outra coisa.<\/p>\n<p>3- Garro e Coronado n\u00e3o podem atuar juntos. \u00c9 um ou outro. Eles ocupam o mesmo lugar no gramado e acabam se atrapalhando, batendo cabe\u00e7a e prejudicando o rendimento do meio-campo.<\/p>\n<p>4- Falta encaixar Wesley no esquema geral. Esse neg\u00f3cio de dar a bola para o rapaz e falar: &#8220;joga ai meu, vai para cima&#8221; \u00e9 coisa de maluco. Ningu\u00e9m consegue produzir com tamanho peso nas costas. A\u00ed o menino se v\u00ea obrigado a &#8220;grudar &#8221; a boal no p\u00e9 e ser &#8220;fominha&#8221; o tempo todo.<\/p>\n<p>5 &#8211; Falta &#8220;pegada&#8221;, sentido coletivo para a equipe, garra, ra\u00e7a, vontade de vencer. Maioria dos atletas &#8220;mortos&#8221; em campo, sem vibra\u00e7\u00e3o, equipe meio frouxa. Ser &#8220;Corinthians&#8221; \u00e9 exatamente o oposto de tudo isso. \u00c9 supera\u00e7\u00e3o, entrega e vergonha na cara.<\/p>\n<p>E tenho dito!<\/p>\n","protected":false},"excerpt":{"rendered":"<p>Quando o t\u00e9cnico Ramon Diaz assumiu deu um novo \u00e2nimo ao Corinthians. Foram duas vit\u00f3rias seguidas e brilhou uma luz no fim do t\u00fanel para <a class=\"read-more\" href=\"https:\/\/blogs.gazetaesportiva.com\/chicolang\/2024\/08\/05\/os-cinco-erros-do-corinthians-de-ramon-diaz\/\">leia mais<\/a><\/p>\n","protected":false},"author":5,"featured_media":9222,"comment_status":"closed","ping_status":"open","sticky":false,"template":"","format":"standard","meta":{"jetpack_post_was_ever_published":false,"_jetpack_newsletter_access":"","_jetpack_dont_email_post_to_subs":false,"_jetpack_newsletter_tier_id":0,"_jetpack_memberships_contains_paywalled_content":false,"_jetpack_memberships_contains_paid_content":false,"footnotes":"","jetpack_publicize_message":"","jetpack_publicize_feature_enabled":true,"jetpack_social_post_already_shared":false,"jetpack_social_options":{"image_generator_settings":{"template":"highway","default_image_id":0,"font":"","enabled":false},"version":2}},"categories":[1],"tags":[],"class_list":["post-9221","post","type-post","status-publish","format-standard","has-post-thumbnail","hentry","category-sem-categoria"],"jetpack_publicize_connections":[],"jetpack_featured_media_url":"https:\/\/blogs.gazetaesportiva.com\/chicolang\/files\/2024\/08\/agenciacorinthians-foto-227473-scaled.jpg","jetpack_sharing_enabled":true,"jetpack_shortlink":"https:\/\/wp.me\/paxTb8-2oJ","_links":{"self":[{"href":"https:\/\/blogs.gazetaesportiva.com\/chicolang\/wp-json\/wp\/v2\/posts\/9221","targetHints":{"allow":["GET"]}}],"collection":[{"href":"https:\/\/blogs.gazetaesportiva.com\/chicolang\/wp-json\/wp\/v2\/posts"}],"about":[{"href":"https:\/\/blogs.gazetaesportiva.com\/chicolang\/wp-json\/wp\/v2\/types\/post"}],"author":[{"embeddable":true,"href":"https:\/\/blogs.gazetaesportiva.com\/chicolang\/wp-json\/wp\/v2\/users\/5"}],"replies":[{"embeddable":true,"href":"https:\/\/blogs.gazetaesportiva.com\/chicolang\/wp-json\/wp\/v2\/comments?post=9221"}],"version-history":[{"count":0,"href":"https:\/\/blogs.gazetaesportiva.com\/chicolang\/wp-json\/wp\/v2\/posts\/9221\/revisions"}],"wp:featuredmedia":[{"embeddable":true,"href":"https:\/\/blogs.gazetaesportiva.com\/chicolang\/wp-json\/wp\/v2\/media\/9222"}],"wp:attachment":[{"href":"https:\/\/blogs.gazetaesportiva.com\/chicolang\/wp-json\/wp\/v2\/media?parent=9221"}],"wp:term":[{"taxonomy":"category","embeddable":true,"href":"https:\/\/blogs.gazetaesportiva.com\/chicolang\/wp-json\/wp\/v2\/categories?post=9221"},{"taxonomy":"post_tag","embeddable":true,"href":"https:\/\/blogs.gazetaesportiva.com\/chicolang\/wp-json\/wp\/v2\/tags?post=9221"}],"curies":[{"name":"wp","href":"https:\/\/api.w.org\/{rel}","templated":true}]}}