{"id":9219,"date":"2024-07-29T15:40:06","date_gmt":"2024-07-29T18:40:06","guid":{"rendered":"https:\/\/blogs.gazetaesportiva.com\/chicolang\/?p=9219"},"modified":"2024-07-29T16:34:20","modified_gmt":"2024-07-29T19:34:20","slug":"o-que-aconteceu-com-o-palmeiras","status":"publish","type":"post","link":"https:\/\/blogs.gazetaesportiva.com\/chicolang\/2024\/07\/29\/o-que-aconteceu-com-o-palmeiras\/","title":{"rendered":"O que aconteceu com o Palmeiras?"},"content":{"rendered":"<p>O que est\u00e1 acontecendo com o PALMEIRAS? Essa \u00e9 a pergunta que vale um milh\u00e3o de reais. De um time praticamente imbat\u00edvel, tem se mostrado fraco nas \u00faltimas rodadas do Brasileir\u00e3o. Primeiro, \u00e9 preciso dizer que o campeonato brasileiro passa a segundo plano quando entram em cena as copas, do Brasil e da Libertadores. Dois mata matas de alt\u00edssimo n\u00edvel de competividade e de tiro curto. Premia\u00e7\u00f5es s\u00e3o sedutoras (Copa do Brasil) e todo mundo corre atr\u00e1s da &#8220;gl\u00f3ria eterna&#8221; (Libertadores). \u00c9 natural que nessas circunst\u00e2ncias, os t\u00e9cnicos resolvam poupar os principais jogadores para n\u00e3o desgastar o elenco por inteiro.<\/p>\n<p>Abel Ferreira entrou com Misto contra o Vit\u00f3ria correndo riscos. Foi o time baiano que ganhou ou o Palmeiras que perdeu? Vale a segunda hip\u00f3tese. Alviverde, outrora t\u00e9cnico e competitivo, desta vez deixou a desejar em todos os sentidos. Segundo, \u00e9 bom dizer que as contrata\u00e7\u00f5es foram \u00f3timas mas falta entrosamento. Felipe Anderson, Maur\u00edcio e Giai ainda est\u00e3o se conhecendo e isso leva um tempo que foge do controle de qualquer treinador, apesar da qualidade de cada um ser ineg\u00e1vel, em especial Felipe Anderson.<\/p>\n<p>Em terceiro lugar, time sente a falta de Endrick (agora no Real Madrid). Por enquanto, Dudu n\u00e3o vem dando conta do recado. Depois da grave contus\u00e3o e do tumulto gerado com o interesse do Cruzeiro (pegou mal \u00e0 be\u00e7a; tanto que a presidente Leila j\u00e1 avisou que ele n\u00e3o renova contrato) jogador se mostra t\u00edmido e ineficaz. Outro que n\u00e3o vem levando sorte \u00e9 o garoto Est\u00eav\u00e3o. Se contunde f\u00e1cil. \u00c9 um excelente atleta, talentoso e insinuante, por\u00e9m precisa ganhar corpo se quiser fazer sucesso no Chelsea, futura equipe do futebol ingl\u00eas. Aqui no Brasil ele n\u00e3o aguenta uma marca\u00e7\u00e3o mais forte. Imaginem na Europa? Por \u00faltimo, Vitor Reis ainda precisa amadurecer. N\u00e3o \u00e9 por ter feito um gol no Corinthians de cabe\u00e7a que j\u00e1 pode ser considerado o &#8220;pica das gal\u00e1xias&#8221;.<\/p>\n<p>E tO wuenho dito!<\/p>\n","protected":false},"excerpt":{"rendered":"<p>O que est\u00e1 acontecendo com o PALMEIRAS? Essa \u00e9 a pergunta que vale um milh\u00e3o de reais. De um time praticamente imbat\u00edvel, tem se mostrado <a class=\"read-more\" href=\"https:\/\/blogs.gazetaesportiva.com\/chicolang\/2024\/07\/29\/o-que-aconteceu-com-o-palmeiras\/\">leia mais<\/a><\/p>\n","protected":false},"author":5,"featured_media":9220,"comment_status":"closed","ping_status":"open","sticky":false,"template":"","format":"standard","meta":{"jetpack_post_was_ever_published":false,"_jetpack_newsletter_access":"","_jetpack_dont_email_post_to_subs":false,"_jetpack_newsletter_tier_id":0,"_jetpack_memberships_contains_paywalled_content":false,"_jetpack_memberships_contains_paid_content":false,"footnotes":"","jetpack_publicize_message":"","jetpack_publicize_feature_enabled":true,"jetpack_social_post_already_shared":false,"jetpack_social_options":{"image_generator_settings":{"template":"highway","default_image_id":0,"font":"","enabled":false},"version":2}},"categories":[1],"tags":[],"class_list":["post-9219","post","type-post","status-publish","format-standard","has-post-thumbnail","hentry","category-sem-categoria"],"jetpack_publicize_connections":[],"jetpack_featured_media_url":"https:\/\/blogs.gazetaesportiva.com\/chicolang\/files\/2024\/07\/53885966830_87807a1d56_o.jpg","jetpack_sharing_enabled":true,"jetpack_shortlink":"https:\/\/wp.me\/paxTb8-2oH","_links":{"self":[{"href":"https:\/\/blogs.gazetaesportiva.com\/chicolang\/wp-json\/wp\/v2\/posts\/9219","targetHints":{"allow":["GET"]}}],"collection":[{"href":"https:\/\/blogs.gazetaesportiva.com\/chicolang\/wp-json\/wp\/v2\/posts"}],"about":[{"href":"https:\/\/blogs.gazetaesportiva.com\/chicolang\/wp-json\/wp\/v2\/types\/post"}],"author":[{"embeddable":true,"href":"https:\/\/blogs.gazetaesportiva.com\/chicolang\/wp-json\/wp\/v2\/users\/5"}],"replies":[{"embeddable":true,"href":"https:\/\/blogs.gazetaesportiva.com\/chicolang\/wp-json\/wp\/v2\/comments?post=9219"}],"version-history":[{"count":0,"href":"https:\/\/blogs.gazetaesportiva.com\/chicolang\/wp-json\/wp\/v2\/posts\/9219\/revisions"}],"wp:featuredmedia":[{"embeddable":true,"href":"https:\/\/blogs.gazetaesportiva.com\/chicolang\/wp-json\/wp\/v2\/media\/9220"}],"wp:attachment":[{"href":"https:\/\/blogs.gazetaesportiva.com\/chicolang\/wp-json\/wp\/v2\/media?parent=9219"}],"wp:term":[{"taxonomy":"category","embeddable":true,"href":"https:\/\/blogs.gazetaesportiva.com\/chicolang\/wp-json\/wp\/v2\/categories?post=9219"},{"taxonomy":"post_tag","embeddable":true,"href":"https:\/\/blogs.gazetaesportiva.com\/chicolang\/wp-json\/wp\/v2\/tags?post=9219"}],"curies":[{"name":"wp","href":"https:\/\/api.w.org\/{rel}","templated":true}]}}