{"id":9210,"date":"2024-07-17T14:45:37","date_gmt":"2024-07-17T17:45:37","guid":{"rendered":"https:\/\/blogs.gazetaesportiva.com\/chicolang\/?p=9210"},"modified":"2024-07-17T15:35:20","modified_gmt":"2024-07-17T18:35:20","slug":"a-inteligencia-tatica-de-ramon-diaz-no-corinthians","status":"publish","type":"post","link":"https:\/\/blogs.gazetaesportiva.com\/chicolang\/2024\/07\/17\/a-inteligencia-tatica-de-ramon-diaz-no-corinthians\/","title":{"rendered":"A intelig\u00eancia t\u00e1tica de Ram\u00f3n D\u00edaz no Corinthians"},"content":{"rendered":"<figure id=\"attachment_9212\" aria-describedby=\"caption-attachment-9212\" style=\"width: 2560px\" class=\"wp-caption aligncenter\"><a href=\"https:\/\/blogs.gazetaesportiva.com\/chicolang\/files\/2024\/07\/agenciacorinthians-foto-225775-scaled.jpg\"><img loading=\"lazy\" decoding=\"async\" class=\"size-full wp-image-9212\" src=\"https:\/\/blogs.gazetaesportiva.com\/chicolang\/files\/2024\/07\/agenciacorinthians-foto-225775-scaled.jpg\" alt=\"\" width=\"2560\" height=\"2039\" srcset=\"https:\/\/blogs.gazetaesportiva.com\/chicolang\/files\/2024\/07\/agenciacorinthians-foto-225775-scaled.jpg 2560w, https:\/\/blogs.gazetaesportiva.com\/chicolang\/files\/2024\/07\/agenciacorinthians-foto-225775-300x239.jpg 300w, https:\/\/blogs.gazetaesportiva.com\/chicolang\/files\/2024\/07\/agenciacorinthians-foto-225775-1024x815.jpg 1024w, https:\/\/blogs.gazetaesportiva.com\/chicolang\/files\/2024\/07\/agenciacorinthians-foto-225775-768x612.jpg 768w, https:\/\/blogs.gazetaesportiva.com\/chicolang\/files\/2024\/07\/agenciacorinthians-foto-225775-1536x1223.jpg 1536w, https:\/\/blogs.gazetaesportiva.com\/chicolang\/files\/2024\/07\/agenciacorinthians-foto-225775-2048x1631.jpg 2048w\" sizes=\"auto, (max-width: 2560px) 100vw, 2560px\" \/><\/a><figcaption id=\"caption-attachment-9212\" class=\"wp-caption-text\">Foto: Rodrigo Coca\/Ag\u00eancia Corinthians<\/figcaption><\/figure>\n<p>Logo na estreia, Ram\u00f3n D\u00edaz mostrou a que veio como t\u00e9cnico do Corinthians. Tem uma virtude rara entre os treinadores: intelig\u00eancia t\u00e1tica. Enxerga o jogo e sabe a hora certa de mexer na equipe. Foi assim na virada sensacional por 2 a 1 sobre o Crisciuma, nessa ter\u00e7a-feira, na Neo Qu\u00edmica Arena. Tranquilo, ora na \u00e1rea t\u00e9cnica ora no banco de reservas, observou atentamente a equipe e n\u00e3o teve medo de mexer no tabuleiro com ousadia e precis\u00e3o. Tirou Wesley e colocou Igor Coronado. Teve gente que vaiou a iniciativa. Por\u00e9m, foi dos p\u00e9s do meia que saiu o cruzamento que encontrou a testa firme do atrapalhado Cac\u00e1 para fazer o gol da virada.<\/p>\n<p>E mais: fechou a casinha com tremenda classe. Encheu o time de zagueiros marcando na sa\u00edda de bola do advers\u00e1rio impedindo qualquer tipo de rea\u00e7\u00e3o. Parecia que Ram\u00f3n estava dirigindo o time h\u00e1 tempos. At\u00e9 na escala\u00e7\u00e3o mudou pe\u00e7as, sem conhecer a fundo como seria a rea\u00e7\u00e3o de Alex Santana ou do goleiro Hugo, outros estreantes da noite. Os dois estiveram muito bem. Santana deu mais consist\u00eancia ao meio-campo. Hugo mostrou muito reflexo em pelo menos tr\u00eas grandes defesas, evitando um resultado desastroso.<\/p>\n<p>Ram\u00f3n \u00e9 experiente. Sabe que para dirigir uma equipe de massa, com grande n\u00famero de torcedores, ningu\u00e9m pode bobear. Escalar o time certo \u00e9 meio caminho andado para o sucesso. Em casa a torcida empurra, carrega os jogadores nas costas, e isso faz uma tremenda diferen\u00e7a. Vamos ver agora como ele ir\u00e1 agir fora. Se fecha a casinha de novo desde o come\u00e7o e opta por contra-ataques, o que seria o \u00f3bvio. Contudo, vai saber o que vai na cabe\u00e7a de Don Ram\u00f3n. Inteligente taticamente, ele poder\u00e1 tirar outro coelho da cartola e somar mais tr\u00eas pontos.<\/p>\n<p>Por qu\u00ea n\u00e3o?<\/p>\n<p>E tenho dito!<\/p>\n","protected":false},"excerpt":{"rendered":"<p>Logo na estreia, Ram\u00f3n D\u00edaz mostrou a que veio como t\u00e9cnico do Corinthians. Tem uma virtude rara entre os treinadores: intelig\u00eancia t\u00e1tica. Enxerga o jogo <a class=\"read-more\" href=\"https:\/\/blogs.gazetaesportiva.com\/chicolang\/2024\/07\/17\/a-inteligencia-tatica-de-ramon-diaz-no-corinthians\/\">leia mais<\/a><\/p>\n","protected":false},"author":5,"featured_media":9212,"comment_status":"closed","ping_status":"open","sticky":false,"template":"","format":"standard","meta":{"jetpack_post_was_ever_published":false,"_jetpack_newsletter_access":"","_jetpack_dont_email_post_to_subs":false,"_jetpack_newsletter_tier_id":0,"_jetpack_memberships_contains_paywalled_content":false,"_jetpack_memberships_contains_paid_content":false,"footnotes":"","jetpack_publicize_message":"","jetpack_publicize_feature_enabled":true,"jetpack_social_post_already_shared":false,"jetpack_social_options":{"image_generator_settings":{"template":"highway","default_image_id":0,"font":"","enabled":false},"version":2}},"categories":[6,1],"tags":[],"class_list":["post-9210","post","type-post","status-publish","format-standard","has-post-thumbnail","hentry","category-corinthians","category-sem-categoria"],"jetpack_publicize_connections":[],"jetpack_featured_media_url":"https:\/\/blogs.gazetaesportiva.com\/chicolang\/files\/2024\/07\/agenciacorinthians-foto-225775-scaled.jpg","jetpack_sharing_enabled":true,"jetpack_shortlink":"https:\/\/wp.me\/paxTb8-2oy","_links":{"self":[{"href":"https:\/\/blogs.gazetaesportiva.com\/chicolang\/wp-json\/wp\/v2\/posts\/9210","targetHints":{"allow":["GET"]}}],"collection":[{"href":"https:\/\/blogs.gazetaesportiva.com\/chicolang\/wp-json\/wp\/v2\/posts"}],"about":[{"href":"https:\/\/blogs.gazetaesportiva.com\/chicolang\/wp-json\/wp\/v2\/types\/post"}],"author":[{"embeddable":true,"href":"https:\/\/blogs.gazetaesportiva.com\/chicolang\/wp-json\/wp\/v2\/users\/5"}],"replies":[{"embeddable":true,"href":"https:\/\/blogs.gazetaesportiva.com\/chicolang\/wp-json\/wp\/v2\/comments?post=9210"}],"version-history":[{"count":0,"href":"https:\/\/blogs.gazetaesportiva.com\/chicolang\/wp-json\/wp\/v2\/posts\/9210\/revisions"}],"wp:featuredmedia":[{"embeddable":true,"href":"https:\/\/blogs.gazetaesportiva.com\/chicolang\/wp-json\/wp\/v2\/media\/9212"}],"wp:attachment":[{"href":"https:\/\/blogs.gazetaesportiva.com\/chicolang\/wp-json\/wp\/v2\/media?parent=9210"}],"wp:term":[{"taxonomy":"category","embeddable":true,"href":"https:\/\/blogs.gazetaesportiva.com\/chicolang\/wp-json\/wp\/v2\/categories?post=9210"},{"taxonomy":"post_tag","embeddable":true,"href":"https:\/\/blogs.gazetaesportiva.com\/chicolang\/wp-json\/wp\/v2\/tags?post=9210"}],"curies":[{"name":"wp","href":"https:\/\/api.w.org\/{rel}","templated":true}]}}