{"id":9208,"date":"2024-07-16T17:37:43","date_gmt":"2024-07-16T20:37:43","guid":{"rendered":"https:\/\/blogs.gazetaesportiva.com\/chicolang\/?p=9208"},"modified":"2024-07-16T17:53:54","modified_gmt":"2024-07-16T20:53:54","slug":"misterio-de-james-rodriguez-continua-no-sao-paulo","status":"publish","type":"post","link":"https:\/\/blogs.gazetaesportiva.com\/chicolang\/2024\/07\/16\/misterio-de-james-rodriguez-continua-no-sao-paulo\/","title":{"rendered":"Mist\u00e9rio de James Rodriguez continua no S\u00e3o Paulo"},"content":{"rendered":"<p>Passou da hora de James Rodriguez vir a p\u00fablico e responder a pergunta que vale um milh\u00e3o: por qu\u00ea n\u00e3o joga no S\u00e3o Paulo o mesmo que na sele\u00e7\u00e3o colombiana? Dizem as m\u00e1s l\u00ednguas ser ele um &#8220;chinelinho&#8221;, Toda hora tem um desculpa para n\u00e3o jogar. Dores musculares misteriosas surgem do nada. O problema est\u00e1 na hora de correr em campo. Academia at\u00e9 que James encara legal. Mas falou em fazer esfor\u00e7o aer\u00f3bico pode esquecer. Seria ele pregui\u00e7oso? Ou acomodado na situa\u00e7\u00e3o? Afinal, os ganhos s\u00e3o \u00f3timos e o status de atuar no Tricolor (um dos maiores clubes do Brasil) compensam.<\/p>\n<p>Durante a Copa Am\u00e9rica, James foi flagrado junto ao presidente J\u00falio Cazares nos bastidores da partida entre Brasil e Col\u00f4mbia. Os dois trocaram &#8220;juras de amor&#8221;, com direito a tapinhas nas costas, como se fossem bons e velhos amigos. Ser\u00e1 que o problema \u00e9 o g\u00eanio do jogadores, mais sossegado, que n\u00e3o se encaixou no elenco? Ou \u00e9 dif\u00edcil assimilar o esquema t\u00e1tico de Zubeldia, com quatro atacantes que, aqui entre n\u00f3s, nem sempre funciona adequadamente? A cereja do bolo n\u00e3o seria James Rodriguez? Ou falta compet\u00eancia para atual comiss\u00e3o t\u00e9cnica para esquematizar a equipe com um jogador das caracter\u00edsticas em quest\u00e3o?<\/p>\n<p>Como se v\u00ea, d\u00favidas e mais d\u00favidas surgem a todo instante em rela\u00e7\u00e3o ao &#8220;enigma&#8221; James Rodriguez. O Tricolor faz uma boa campanha no Brasileir\u00e3o. Ter\u00e1 pela frente e Libertadores e a Copa do Brasil. N\u00e3o \u00e9 poss\u00edvel que n\u00e3o haja um lugarzinho ao sol para o her\u00f3i colombiano da Copa Am\u00e9rica. O elenco tricolor \u00e9 enxuto e todo refor\u00e7o poss\u00edvel ser\u00e1 bem vindo. James \u00e9 um craque de bola e com certeza poder\u00e1 de ajustar ao elenco em meio \u00e0 tr\u00eas competi\u00e7\u00f5es.\u00a0Ou Wellington Rato, Calleri, Luciano, dentre outros, s\u00e3o melhores do que ele?<\/p>\n<p>E tenho dito!<\/p>\n<p>&nbsp;<\/p>\n","protected":false},"excerpt":{"rendered":"<p>Passou da hora de James Rodriguez vir a p\u00fablico e responder a pergunta que vale um milh\u00e3o: por qu\u00ea n\u00e3o joga no S\u00e3o Paulo o <a class=\"read-more\" href=\"https:\/\/blogs.gazetaesportiva.com\/chicolang\/2024\/07\/16\/misterio-de-james-rodriguez-continua-no-sao-paulo\/\">leia mais<\/a><\/p>\n","protected":false},"author":5,"featured_media":9209,"comment_status":"closed","ping_status":"open","sticky":false,"template":"","format":"standard","meta":{"jetpack_post_was_ever_published":false,"_jetpack_newsletter_access":"","_jetpack_dont_email_post_to_subs":false,"_jetpack_newsletter_tier_id":0,"_jetpack_memberships_contains_paywalled_content":false,"_jetpack_memberships_contains_paid_content":false,"footnotes":"","jetpack_publicize_message":"","jetpack_publicize_feature_enabled":true,"jetpack_social_post_already_shared":false,"jetpack_social_options":{"image_generator_settings":{"template":"highway","default_image_id":0,"font":"","enabled":false},"version":2}},"categories":[1],"tags":[],"class_list":["post-9208","post","type-post","status-publish","format-standard","has-post-thumbnail","hentry","category-sem-categoria"],"jetpack_publicize_connections":[],"jetpack_featured_media_url":"https:\/\/blogs.gazetaesportiva.com\/chicolang\/files\/2024\/07\/53559139345_dfb285c8c7_o-4.jpg","jetpack_sharing_enabled":true,"jetpack_shortlink":"https:\/\/wp.me\/paxTb8-2ow","_links":{"self":[{"href":"https:\/\/blogs.gazetaesportiva.com\/chicolang\/wp-json\/wp\/v2\/posts\/9208","targetHints":{"allow":["GET"]}}],"collection":[{"href":"https:\/\/blogs.gazetaesportiva.com\/chicolang\/wp-json\/wp\/v2\/posts"}],"about":[{"href":"https:\/\/blogs.gazetaesportiva.com\/chicolang\/wp-json\/wp\/v2\/types\/post"}],"author":[{"embeddable":true,"href":"https:\/\/blogs.gazetaesportiva.com\/chicolang\/wp-json\/wp\/v2\/users\/5"}],"replies":[{"embeddable":true,"href":"https:\/\/blogs.gazetaesportiva.com\/chicolang\/wp-json\/wp\/v2\/comments?post=9208"}],"version-history":[{"count":0,"href":"https:\/\/blogs.gazetaesportiva.com\/chicolang\/wp-json\/wp\/v2\/posts\/9208\/revisions"}],"wp:featuredmedia":[{"embeddable":true,"href":"https:\/\/blogs.gazetaesportiva.com\/chicolang\/wp-json\/wp\/v2\/media\/9209"}],"wp:attachment":[{"href":"https:\/\/blogs.gazetaesportiva.com\/chicolang\/wp-json\/wp\/v2\/media?parent=9208"}],"wp:term":[{"taxonomy":"category","embeddable":true,"href":"https:\/\/blogs.gazetaesportiva.com\/chicolang\/wp-json\/wp\/v2\/categories?post=9208"},{"taxonomy":"post_tag","embeddable":true,"href":"https:\/\/blogs.gazetaesportiva.com\/chicolang\/wp-json\/wp\/v2\/tags?post=9208"}],"curies":[{"name":"wp","href":"https:\/\/api.w.org\/{rel}","templated":true}]}}