{"id":9205,"date":"2024-07-15T15:39:03","date_gmt":"2024-07-15T18:39:03","guid":{"rendered":"https:\/\/blogs.gazetaesportiva.com\/chicolang\/?p=9205"},"modified":"2024-07-15T17:37:58","modified_gmt":"2024-07-15T20:37:58","slug":"fora-balotelli-e-nada-de-saf-no-corinthians","status":"publish","type":"post","link":"https:\/\/blogs.gazetaesportiva.com\/chicolang\/2024\/07\/15\/fora-balotelli-e-nada-de-saf-no-corinthians\/","title":{"rendered":"Fora Balotelli e nada de SAF no Corinthians"},"content":{"rendered":"<p>Ainda bem. O t\u00e9cnico do Corinthians Ramon Diaz vetou a contrata\u00e7\u00e3o de Balotelli. Foi sincero. N\u00e3o est\u00e1 nos planos, por mais espetacular que possa ser. O clube tem outras prioridades. Por exemplo, carece de jogadores de defesa principalmente e de refor\u00e7os para o meio-campo. Esse deveria ser o foco da diretoria e da comiss\u00e3o t\u00e9cnica. Ballotelli viria para fazer fuma\u00e7a, embora no passado tenha sido um atacante de primeira linha. Seria mais um centroavante, que dependendo do andar da carruagem, teria uma fun\u00e7\u00e3o secund\u00e1ria, como acontece com Yuri Alberto e Pedro Raul.<\/p>\n<p>As dificuldades de Diaz s\u00e3o maiores do que se esperava. Ele gosta de time jogando no 4-3-3 ou 4-1-4-1. Com o elenco atual, nenhum dessas t\u00e1ticas se encaixam. Falta &#8220;mat\u00e9ria prima&#8221;. Antes \u00e9 preciso arrumar a &#8220;casinha&#8221;, fazer uma composi\u00e7\u00e3o com o primeiro volante e a dupla de \u00e1rea, coisa que ainda n\u00e3o ocorreu desde o come\u00e7o de temporada. E vai ser dif\u00edcil. No treino de domingo passado, por exemplo, o treinador usou onze atletas das equipe de base para poder observar o elenco. Infelizmente, as &#8220;revela\u00e7\u00f5es&#8221; corintianas s\u00e3o escassas. Pouco ou quase nada se extrai da\u00ed.<\/p>\n<p>Quanto ao Corinthians virar SAF (Sociedade An\u00f4nima de Futebol) \u00e9 uma ideia apenas. Dificilmente o Conselho Deliberativo aprovaria essa medida para salvar as d\u00edvidas do clube. As implica\u00e7\u00f5es pol\u00edticas s\u00e3o maiores do que uma prov\u00e1vel solu\u00e7\u00e3o pr\u00e1tica para resolver a fal\u00eancia da institui\u00e7\u00e3o. A atua\u00e7\u00e3o proposta tem cheiro de &#8220;rolo de cartola&#8221;, admitem for\u00e7as internas corintianas.<\/p>\n<p>E tenho dito!<\/p>\n","protected":false},"excerpt":{"rendered":"<p>Ainda bem. O t\u00e9cnico do Corinthians Ramon Diaz vetou a contrata\u00e7\u00e3o de Balotelli. Foi sincero. N\u00e3o est\u00e1 nos planos, por mais espetacular que possa ser. <a class=\"read-more\" href=\"https:\/\/blogs.gazetaesportiva.com\/chicolang\/2024\/07\/15\/fora-balotelli-e-nada-de-saf-no-corinthians\/\">leia mais<\/a><\/p>\n","protected":false},"author":5,"featured_media":9207,"comment_status":"closed","ping_status":"open","sticky":false,"template":"","format":"standard","meta":{"jetpack_post_was_ever_published":false,"_jetpack_newsletter_access":"","_jetpack_dont_email_post_to_subs":false,"_jetpack_newsletter_tier_id":0,"_jetpack_memberships_contains_paywalled_content":false,"_jetpack_memberships_contains_paid_content":false,"footnotes":"","jetpack_publicize_message":"","jetpack_publicize_feature_enabled":true,"jetpack_social_post_already_shared":false,"jetpack_social_options":{"image_generator_settings":{"template":"highway","default_image_id":0,"font":"","enabled":false},"version":2}},"categories":[1],"tags":[],"class_list":["post-9205","post","type-post","status-publish","format-standard","has-post-thumbnail","hentry","category-sem-categoria"],"jetpack_publicize_connections":[],"jetpack_featured_media_url":"https:\/\/blogs.gazetaesportiva.com\/chicolang\/files\/2024\/07\/FJ4uqyyXoAEATit.jpg","jetpack_sharing_enabled":true,"jetpack_shortlink":"https:\/\/wp.me\/paxTb8-2ot","_links":{"self":[{"href":"https:\/\/blogs.gazetaesportiva.com\/chicolang\/wp-json\/wp\/v2\/posts\/9205","targetHints":{"allow":["GET"]}}],"collection":[{"href":"https:\/\/blogs.gazetaesportiva.com\/chicolang\/wp-json\/wp\/v2\/posts"}],"about":[{"href":"https:\/\/blogs.gazetaesportiva.com\/chicolang\/wp-json\/wp\/v2\/types\/post"}],"author":[{"embeddable":true,"href":"https:\/\/blogs.gazetaesportiva.com\/chicolang\/wp-json\/wp\/v2\/users\/5"}],"replies":[{"embeddable":true,"href":"https:\/\/blogs.gazetaesportiva.com\/chicolang\/wp-json\/wp\/v2\/comments?post=9205"}],"version-history":[{"count":0,"href":"https:\/\/blogs.gazetaesportiva.com\/chicolang\/wp-json\/wp\/v2\/posts\/9205\/revisions"}],"wp:featuredmedia":[{"embeddable":true,"href":"https:\/\/blogs.gazetaesportiva.com\/chicolang\/wp-json\/wp\/v2\/media\/9207"}],"wp:attachment":[{"href":"https:\/\/blogs.gazetaesportiva.com\/chicolang\/wp-json\/wp\/v2\/media?parent=9205"}],"wp:term":[{"taxonomy":"category","embeddable":true,"href":"https:\/\/blogs.gazetaesportiva.com\/chicolang\/wp-json\/wp\/v2\/categories?post=9205"},{"taxonomy":"post_tag","embeddable":true,"href":"https:\/\/blogs.gazetaesportiva.com\/chicolang\/wp-json\/wp\/v2\/tags?post=9205"}],"curies":[{"name":"wp","href":"https:\/\/api.w.org\/{rel}","templated":true}]}}