{"id":9123,"date":"2024-04-22T15:03:57","date_gmt":"2024-04-22T18:03:57","guid":{"rendered":"https:\/\/blogs.gazetaesportiva.com\/chicolang\/?p=9123"},"modified":"2024-04-22T15:03:57","modified_gmt":"2024-04-22T18:03:57","slug":"zubeldia-um-carpini-com-grife-que-fala-espanho","status":"publish","type":"post","link":"https:\/\/blogs.gazetaesportiva.com\/chicolang\/2024\/04\/22\/zubeldia-um-carpini-com-grife-que-fala-espanho\/","title":{"rendered":"Zubeldia, um &#8220;Carpini&#8221; com grife que fala espanho!"},"content":{"rendered":"<p>Impressionante como no futebol brasileiro se engana f\u00e1cil. Basta encobrir um fato com esperteza e todo mundo se encanta. \u00c9 o caso do novo t\u00e9cnico do S\u00e3o Paulo, Luis Zubeldia. Ele vem substituir Thiago Carpini, que perdeu o cargo por ter a fama subido \u00e0 cabe\u00e7a. Na verdade, o argentino de diferente tem a l\u00edngua (fala espanhol) e uma certa grife.\u00a0 A diferen\u00e7a \u00e9 ter uma maior rodagem em times do Equador, Col\u00f4mbia e Paraguai. Emplacou mesmo na LDU, onde conquistou o campeonato colombiano e a Copa Sul americana.<\/p>\n<p>Carpini tinha 39 anos. Zubeldia, 43.\u00a0 Idade por idade, truco! O argentino tem l\u00e1 uma asa negra contra o S\u00e3o Paulo. Em 2021 quando estava no Lan\u00fas eliminou o Tricolor em pleno Morumbi. Pela LDU de Quito mandou o S\u00e3o Paulo para o devido espa\u00e7o de novo. Tem apenas um t\u00edtulo na curta carreira, campe\u00e3o equatoriano. Ou seja, a primeira grande equipe a ser dirigida por ele ser\u00e1 a s\u00e3o-paulina. Zubeldia n\u00e3o passa de outra aposta dos dirigentes, meio perdidos diante da irregularidade mostrada ap\u00f3s a sa\u00edda de Dorival J\u00fanior para a sele\u00e7\u00e3o brasileira.<\/p>\n<p>N\u00e3o ser\u00e1 um trabalho f\u00e1cil para o novo treinador com grife do Mais Querido. Primeiro, n\u00e3o conhece o elenco. Dever\u00e1 levar alguns meses para chamar cada um pelo nome. Depois, argentino gosta de uma retranca, jogadas pelas alas e contra-ataque velozes. Vai meio na contra-m\u00e3o da tradi\u00e7\u00e3o tricolor, que \u00e9 mais ofensiva, com as linhas pr\u00f3ximas uma das outras. Defende em bloco e ataca da mesma forma. Zubeldia ir\u00e1 resolver os problemas do time? N\u00e3o creio. Numa dessa veio para confundir e n\u00e3o para explicar, como diria o finado e s\u00e1bio Velho Guerreiro, Chacrinha.<\/p>\n<p>E tenho dito!<\/p>\n<p>&nbsp;<\/p>\n","protected":false},"excerpt":{"rendered":"<p>Impressionante como no futebol brasileiro se engana f\u00e1cil. Basta encobrir um fato com esperteza e todo mundo se encanta. \u00c9 o caso do novo t\u00e9cnico <a class=\"read-more\" href=\"https:\/\/blogs.gazetaesportiva.com\/chicolang\/2024\/04\/22\/zubeldia-um-carpini-com-grife-que-fala-espanho\/\">leia mais<\/a><\/p>\n","protected":false},"author":5,"featured_media":0,"comment_status":"closed","ping_status":"open","sticky":false,"template":"","format":"standard","meta":{"jetpack_post_was_ever_published":false,"_jetpack_newsletter_access":"","_jetpack_dont_email_post_to_subs":false,"_jetpack_newsletter_tier_id":0,"_jetpack_memberships_contains_paywalled_content":false,"_jetpack_memberships_contains_paid_content":false,"footnotes":"","jetpack_publicize_message":"","jetpack_publicize_feature_enabled":true,"jetpack_social_post_already_shared":false,"jetpack_social_options":{"image_generator_settings":{"template":"highway","default_image_id":0,"font":"","enabled":false},"version":2}},"categories":[1],"tags":[],"class_list":["post-9123","post","type-post","status-publish","format-standard","hentry","category-sem-categoria"],"jetpack_publicize_connections":[],"jetpack_featured_media_url":"","jetpack_sharing_enabled":true,"jetpack_shortlink":"https:\/\/wp.me\/paxTb8-2n9","_links":{"self":[{"href":"https:\/\/blogs.gazetaesportiva.com\/chicolang\/wp-json\/wp\/v2\/posts\/9123","targetHints":{"allow":["GET"]}}],"collection":[{"href":"https:\/\/blogs.gazetaesportiva.com\/chicolang\/wp-json\/wp\/v2\/posts"}],"about":[{"href":"https:\/\/blogs.gazetaesportiva.com\/chicolang\/wp-json\/wp\/v2\/types\/post"}],"author":[{"embeddable":true,"href":"https:\/\/blogs.gazetaesportiva.com\/chicolang\/wp-json\/wp\/v2\/users\/5"}],"replies":[{"embeddable":true,"href":"https:\/\/blogs.gazetaesportiva.com\/chicolang\/wp-json\/wp\/v2\/comments?post=9123"}],"version-history":[{"count":0,"href":"https:\/\/blogs.gazetaesportiva.com\/chicolang\/wp-json\/wp\/v2\/posts\/9123\/revisions"}],"wp:attachment":[{"href":"https:\/\/blogs.gazetaesportiva.com\/chicolang\/wp-json\/wp\/v2\/media?parent=9123"}],"wp:term":[{"taxonomy":"category","embeddable":true,"href":"https:\/\/blogs.gazetaesportiva.com\/chicolang\/wp-json\/wp\/v2\/categories?post=9123"},{"taxonomy":"post_tag","embeddable":true,"href":"https:\/\/blogs.gazetaesportiva.com\/chicolang\/wp-json\/wp\/v2\/tags?post=9123"}],"curies":[{"name":"wp","href":"https:\/\/api.w.org\/{rel}","templated":true}]}}