{"id":9070,"date":"2022-12-09T16:09:07","date_gmt":"2022-12-09T19:09:07","guid":{"rendered":"https:\/\/blogs.gazetaesportiva.com\/chicolang\/?p=9070"},"modified":"2022-12-09T16:28:14","modified_gmt":"2022-12-09T19:28:14","slug":"adeus-copa-adeus-tite-adeus-neymar","status":"publish","type":"post","link":"https:\/\/blogs.gazetaesportiva.com\/chicolang\/2022\/12\/09\/adeus-copa-adeus-tite-adeus-neymar\/","title":{"rendered":"Adeus Copa, adeus Tite, adeus Neymar&#8230;"},"content":{"rendered":"<figure id=\"attachment_9071\" aria-describedby=\"caption-attachment-9071\" style=\"width: 1024px\" class=\"wp-caption aligncenter\"><a href=\"https:\/\/blogs.gazetaesportiva.com\/chicolang\/files\/2022\/12\/000_33272LA.jpg\"><img loading=\"lazy\" decoding=\"async\" class=\"size-full wp-image-9071\" src=\"https:\/\/blogs.gazetaesportiva.com\/chicolang\/files\/2022\/12\/000_33272LA.jpg\" alt=\"\" width=\"1024\" height=\"682\" srcset=\"https:\/\/blogs.gazetaesportiva.com\/chicolang\/files\/2022\/12\/000_33272LA.jpg 1024w, https:\/\/blogs.gazetaesportiva.com\/chicolang\/files\/2022\/12\/000_33272LA-300x200.jpg 300w, https:\/\/blogs.gazetaesportiva.com\/chicolang\/files\/2022\/12\/000_33272LA-768x512.jpg 768w\" sizes=\"auto, (max-width: 1024px) 100vw, 1024px\" \/><\/a><figcaption id=\"caption-attachment-9071\" class=\"wp-caption-text\">Foto: GABRIEL BOUYS \/ AFP<\/figcaption><\/figure>\n<p>Uma despedida tr\u00e1gica do t\u00e9cnico Tite e outro fracasso da &#8220;Era Neymar&#8221;. A sele\u00e7\u00e3o brasileira caiu outra vez nas Quartas de Final ao perder da Cro\u00e1cia nos p\u00eanaltis por 4 a 2, nessa sexta-feira, na Copa do Qatar. No tempo normal (0 a 0) e na prorroga\u00e7\u00e3o (1 a 1) aconteceram empates. S\u00e9rie de decis\u00f5es erradas do treinador, baixo rendimento de jovens convocados, sem falar da sentida aus\u00eancia de C\u00e1ssio, em\u00e9rito pegador de p\u00eanaltis (Alisson nem o canto das cobran\u00e7as acertou).<\/p>\n<p>Na verdade,\u00a0 a imaturidade de Vin\u00edcius J\u00fanior, Rodrygo, Antony, Martinelli e outras promessas da bola nacional pesou na hora &#8220;h&#8221;. E o veterano Daniel Alves, o que estava fazendo no Qatar? Danilo se manteve abaixo da cr\u00edtica e a dupla de \u00e1rea, com Marquinhos e Thiago Silva, foi uma engana\u00e7\u00e3o.<\/p>\n<p>Apenas o bom e velho Casemiro deu conta do recado. Ou melhor, fez o que p\u00f4de. Manteve a categoria nas cinco partidas do Brasil. \u00c9 que os companheiros de meio campo, eram fracos e tiveram dificuldades em cumprir fun\u00e7\u00f5es t\u00e1ticas na marca\u00e7\u00e3o e cria\u00e7\u00e3o no setor.<\/p>\n<p>Enfim, quem ser\u00e1 o pr\u00f3ximo treinador da sele\u00e7\u00e3o,\u00a0 j\u00e1 que Tite vai embora ap\u00f3s duas Copas perdidas?<\/p>\n<p>Vai saber!<\/p>\n<p>E assim caminha a mediocridade&#8230;<\/p>\n","protected":false},"excerpt":{"rendered":"<p>Uma despedida tr\u00e1gica do t\u00e9cnico Tite e outro fracasso da &#8220;Era Neymar&#8221;. A sele\u00e7\u00e3o brasileira caiu outra vez nas Quartas de Final ao perder da <a class=\"read-more\" href=\"https:\/\/blogs.gazetaesportiva.com\/chicolang\/2022\/12\/09\/adeus-copa-adeus-tite-adeus-neymar\/\">leia mais<\/a><\/p>\n","protected":false},"author":5,"featured_media":9071,"comment_status":"closed","ping_status":"open","sticky":false,"template":"","format":"standard","meta":{"jetpack_post_was_ever_published":false,"_jetpack_newsletter_access":"","_jetpack_dont_email_post_to_subs":false,"_jetpack_newsletter_tier_id":0,"_jetpack_memberships_contains_paywalled_content":false,"_jetpack_memberships_contains_paid_content":false,"footnotes":"","jetpack_publicize_message":"","jetpack_publicize_feature_enabled":true,"jetpack_social_post_already_shared":false,"jetpack_social_options":{"image_generator_settings":{"template":"highway","default_image_id":0,"font":"","enabled":false},"version":2}},"categories":[1],"tags":[],"class_list":["post-9070","post","type-post","status-publish","format-standard","has-post-thumbnail","hentry","category-sem-categoria"],"jetpack_publicize_connections":[],"jetpack_featured_media_url":"https:\/\/blogs.gazetaesportiva.com\/chicolang\/files\/2022\/12\/000_33272LA.jpg","jetpack_sharing_enabled":true,"jetpack_shortlink":"https:\/\/wp.me\/paxTb8-2mi","_links":{"self":[{"href":"https:\/\/blogs.gazetaesportiva.com\/chicolang\/wp-json\/wp\/v2\/posts\/9070","targetHints":{"allow":["GET"]}}],"collection":[{"href":"https:\/\/blogs.gazetaesportiva.com\/chicolang\/wp-json\/wp\/v2\/posts"}],"about":[{"href":"https:\/\/blogs.gazetaesportiva.com\/chicolang\/wp-json\/wp\/v2\/types\/post"}],"author":[{"embeddable":true,"href":"https:\/\/blogs.gazetaesportiva.com\/chicolang\/wp-json\/wp\/v2\/users\/5"}],"replies":[{"embeddable":true,"href":"https:\/\/blogs.gazetaesportiva.com\/chicolang\/wp-json\/wp\/v2\/comments?post=9070"}],"version-history":[{"count":0,"href":"https:\/\/blogs.gazetaesportiva.com\/chicolang\/wp-json\/wp\/v2\/posts\/9070\/revisions"}],"wp:featuredmedia":[{"embeddable":true,"href":"https:\/\/blogs.gazetaesportiva.com\/chicolang\/wp-json\/wp\/v2\/media\/9071"}],"wp:attachment":[{"href":"https:\/\/blogs.gazetaesportiva.com\/chicolang\/wp-json\/wp\/v2\/media?parent=9070"}],"wp:term":[{"taxonomy":"category","embeddable":true,"href":"https:\/\/blogs.gazetaesportiva.com\/chicolang\/wp-json\/wp\/v2\/categories?post=9070"},{"taxonomy":"post_tag","embeddable":true,"href":"https:\/\/blogs.gazetaesportiva.com\/chicolang\/wp-json\/wp\/v2\/tags?post=9070"}],"curies":[{"name":"wp","href":"https:\/\/api.w.org\/{rel}","templated":true}]}}