{"id":9065,"date":"2022-11-28T16:11:38","date_gmt":"2022-11-28T19:11:38","guid":{"rendered":"https:\/\/blogs.gazetaesportiva.com\/chicolang\/?p=9065"},"modified":"2022-11-28T16:26:43","modified_gmt":"2022-11-28T19:26:43","slug":"casemiro-salva-meninos-do-brasil","status":"publish","type":"post","link":"https:\/\/blogs.gazetaesportiva.com\/chicolang\/2022\/11\/28\/casemiro-salva-meninos-do-brasil\/","title":{"rendered":"Casemiro salva meninos do Brasil!"},"content":{"rendered":"<figure id=\"attachment_9067\" aria-describedby=\"caption-attachment-9067\" style=\"width: 2048px\" class=\"wp-caption alignnone\"><a href=\"https:\/\/blogs.gazetaesportiva.com\/chicolang\/files\/2022\/11\/52529612121_8b31e86286_k.jpg\"><img loading=\"lazy\" decoding=\"async\" class=\"size-full wp-image-9067\" src=\"https:\/\/blogs.gazetaesportiva.com\/chicolang\/files\/2022\/11\/52529612121_8b31e86286_k.jpg\" alt=\"\" width=\"2048\" height=\"1366\" srcset=\"https:\/\/blogs.gazetaesportiva.com\/chicolang\/files\/2022\/11\/52529612121_8b31e86286_k.jpg 2048w, https:\/\/blogs.gazetaesportiva.com\/chicolang\/files\/2022\/11\/52529612121_8b31e86286_k-300x200.jpg 300w, https:\/\/blogs.gazetaesportiva.com\/chicolang\/files\/2022\/11\/52529612121_8b31e86286_k-1024x683.jpg 1024w, https:\/\/blogs.gazetaesportiva.com\/chicolang\/files\/2022\/11\/52529612121_8b31e86286_k-768x512.jpg 768w, https:\/\/blogs.gazetaesportiva.com\/chicolang\/files\/2022\/11\/52529612121_8b31e86286_k-1536x1025.jpg 1536w\" sizes=\"auto, (max-width: 2048px) 100vw, 2048px\" \/><\/a><figcaption id=\"caption-attachment-9067\" class=\"wp-caption-text\">Casemiro marcou o gol da vit\u00f3ria do Brasil (Foto: Divulga\u00e7\u00e3o\/Lucas Figueiredo)<\/figcaption><\/figure>\n<p>Como esses garotos do Brasil perdem gols! Se n\u00e3o fosse o experiente Casemiro para estufar as redes da Su\u00ed\u00e7a, o camelo iria devidamente para os confins do deserto do Qatar. Suado 1 a 0, por\u00e9m, foi justo. Os advers\u00e1rios n\u00e3o deram um chute ao gol de Alisson. Classificada para as oitavas da Copa, o neg\u00f3cio \u00e9 torcer para uma volta r\u00e1pida de Neymar. Time sem ele t\u00eam dificuldades<\/p>\n<p>At\u00e9 que Vin\u00edcius Jr correspondeu \u00e0s expectativas. Fez um gol anulado pelo VAR. Um lance antes, Richarlyson estava impedido. Fora o atacante do Real Madrid, s\u00f3 se viu lentid\u00e3o, passes errados e decep\u00e7\u00e3o com algumas &#8220;promessas&#8221;, casos de Paquet\u00e1, Raphinha, o pr\u00f3prio Pombo e o volante Fred.<\/p>\n<p>Tite, um t\u00e9cnico retranqueiro, soltou a equipe no segundo tempo, quando apostou em Rodrygo, Antony e Bruno Guimar\u00e3es. Todos entraram com fome de bola, criaram \u00f3timas oportunidades e faltaram calma, experi\u00eancia e rodagem para ampliarem o placar.<\/p>\n<p>Brasil rumo ao hexa? Com certeza<\/p>\n<p>E tenho dito!<\/p>\n","protected":false},"excerpt":{"rendered":"<p>Como esses garotos do Brasil perdem gols! Se n\u00e3o fosse o experiente Casemiro para estufar as redes da Su\u00ed\u00e7a, o camelo iria devidamente para os <a class=\"read-more\" href=\"https:\/\/blogs.gazetaesportiva.com\/chicolang\/2022\/11\/28\/casemiro-salva-meninos-do-brasil\/\">leia mais<\/a><\/p>\n","protected":false},"author":5,"featured_media":9067,"comment_status":"closed","ping_status":"open","sticky":false,"template":"","format":"standard","meta":{"jetpack_post_was_ever_published":false,"_jetpack_newsletter_access":"","_jetpack_dont_email_post_to_subs":false,"_jetpack_newsletter_tier_id":0,"_jetpack_memberships_contains_paywalled_content":false,"_jetpack_memberships_contains_paid_content":false,"footnotes":"","jetpack_publicize_message":"","jetpack_publicize_feature_enabled":true,"jetpack_social_post_already_shared":false,"jetpack_social_options":{"image_generator_settings":{"template":"highway","default_image_id":0,"font":"","enabled":false},"version":2}},"categories":[1],"tags":[],"class_list":["post-9065","post","type-post","status-publish","format-standard","has-post-thumbnail","hentry","category-sem-categoria"],"jetpack_publicize_connections":[],"jetpack_featured_media_url":"https:\/\/blogs.gazetaesportiva.com\/chicolang\/files\/2022\/11\/52529612121_8b31e86286_k.jpg","jetpack_sharing_enabled":true,"jetpack_shortlink":"https:\/\/wp.me\/paxTb8-2md","_links":{"self":[{"href":"https:\/\/blogs.gazetaesportiva.com\/chicolang\/wp-json\/wp\/v2\/posts\/9065","targetHints":{"allow":["GET"]}}],"collection":[{"href":"https:\/\/blogs.gazetaesportiva.com\/chicolang\/wp-json\/wp\/v2\/posts"}],"about":[{"href":"https:\/\/blogs.gazetaesportiva.com\/chicolang\/wp-json\/wp\/v2\/types\/post"}],"author":[{"embeddable":true,"href":"https:\/\/blogs.gazetaesportiva.com\/chicolang\/wp-json\/wp\/v2\/users\/5"}],"replies":[{"embeddable":true,"href":"https:\/\/blogs.gazetaesportiva.com\/chicolang\/wp-json\/wp\/v2\/comments?post=9065"}],"version-history":[{"count":0,"href":"https:\/\/blogs.gazetaesportiva.com\/chicolang\/wp-json\/wp\/v2\/posts\/9065\/revisions"}],"wp:featuredmedia":[{"embeddable":true,"href":"https:\/\/blogs.gazetaesportiva.com\/chicolang\/wp-json\/wp\/v2\/media\/9067"}],"wp:attachment":[{"href":"https:\/\/blogs.gazetaesportiva.com\/chicolang\/wp-json\/wp\/v2\/media?parent=9065"}],"wp:term":[{"taxonomy":"category","embeddable":true,"href":"https:\/\/blogs.gazetaesportiva.com\/chicolang\/wp-json\/wp\/v2\/categories?post=9065"},{"taxonomy":"post_tag","embeddable":true,"href":"https:\/\/blogs.gazetaesportiva.com\/chicolang\/wp-json\/wp\/v2\/tags?post=9065"}],"curies":[{"name":"wp","href":"https:\/\/api.w.org\/{rel}","templated":true}]}}