{"id":9060,"date":"2022-11-20T16:08:11","date_gmt":"2022-11-20T19:08:11","guid":{"rendered":"https:\/\/blogs.gazetaesportiva.com\/chicolang\/?p=9060"},"modified":"2022-11-20T16:27:25","modified_gmt":"2022-11-20T19:27:25","slug":"fernando-lazaro-e-a-teoria-da-conspiracao","status":"publish","type":"post","link":"https:\/\/blogs.gazetaesportiva.com\/chicolang\/2022\/11\/20\/fernando-lazaro-e-a-teoria-da-conspiracao\/","title":{"rendered":"Fernando L\u00e1zaro e a teoria da conspira\u00e7\u00e3o"},"content":{"rendered":"<figure id=\"attachment_9062\" aria-describedby=\"caption-attachment-9062\" style=\"width: 653px\" class=\"wp-caption alignnone\"><a href=\"https:\/\/blogs.gazetaesportiva.com\/chicolang\/files\/2022\/11\/lazaro.jpg\"><img loading=\"lazy\" decoding=\"async\" class=\"size-full wp-image-9062\" src=\"https:\/\/blogs.gazetaesportiva.com\/chicolang\/files\/2022\/11\/lazaro.jpg\" alt=\"\" width=\"653\" height=\"468\" srcset=\"https:\/\/blogs.gazetaesportiva.com\/chicolang\/files\/2022\/11\/lazaro.jpg 653w, https:\/\/blogs.gazetaesportiva.com\/chicolang\/files\/2022\/11\/lazaro-300x215.jpg 300w\" sizes=\"auto, (max-width: 653px) 100vw, 653px\" \/><\/a><figcaption id=\"caption-attachment-9062\" class=\"wp-caption-text\">Foto: Divulga\u00e7\u00e3o\/Ag\u00eancia Corinthians<\/figcaption><\/figure>\n<p>Fernando L\u00e1zaro \u00e9 o novo t\u00e9cnico do Corinthians. Jovem j\u00e1 deixou a sele\u00e7\u00e3o e voltou ao Brasil para iniciar planejamento de 2023. A &#8220;teoria da conspira\u00e7\u00e3o&#8221;, no entanto, corre solta nos bastidores alvinegros. Ele estaria &#8220;esquentando o banco&#8221; para o retorno de Tite, que assumiria o cargo depois do Paulist\u00e3o, campe\u00e3o ou n\u00e3o com o Brasil no Qatar. Como essa diretoria \u00e9 cheia de truques, tudo \u00e9 poss\u00edvel.<\/p>\n<p>No dia do an\u00fancio da sa\u00edda de Vitor Pereira, dois nomes estariam na mira do presidente Du\u00edlio Monteiro Alves: Tite e Gallardo. O argentino pediu 2 milh\u00f5es de reais s\u00f3 para ele e 1 milh\u00e3o para a equipe de tr\u00eas a cinco pessoas. Aqui entre n\u00f3s, muito dinheiro para outra aventura estrangeira no Parque S\u00e3o Jorge.<\/p>\n<p>Na boca pequena, por\u00e9m, Du\u00edlio sempre confessou a admira\u00e7\u00e3o, profundo respeito e amizade pelo Adenor. Ali\u00e1s, compartilhada pelos diretores de futebol Roberto Andrade e Alessandro. Sem contar a maioria dos jogadores, uns campe\u00f5es de tudo com o atual treinador da sele\u00e7\u00e3o.<\/p>\n<p>Lembro aos esquecidos, ser L\u00e1zaro patrim\u00f4nio da casa. Chegou no clube com 17 anos e sempre recebeu elogios de Oswaldo Oliveira, Mano Menezes, Carille, Sylvinho, VP e do pr\u00f3prio Tite.<\/p>\n<p>Pode ter sido uma &#8220;jogada&#8221; dos dirigentes? Claro, evidente. Por\u00e9m uma &#8220;jogada de mestre&#8221;. Afinal, L\u00e1zaro j\u00e1 tem um time na cabe\u00e7a, n\u00e3o ir\u00e1 fazer &#8220;experi\u00eancias&#8221; e nem rodar a equipe sem necessidade. \u00c9 filho de Z\u00e9 Maria, s\u00edmbolo da garra e da ra\u00e7a corintianas, tamb\u00e9m her\u00f3i de 1977. Ou seja, Fernando foi &#8220;forjado&#8221; a ferro e a\u00e7o no ber\u00e7o da Fiel, na casa do pai e no Parque S\u00e3o Jorge.<\/p>\n<p>Agora ter\u00e1 tr\u00eas meses para trabalhar. N\u00e3o sair\u00e1 do zero. Conhece o elenco de olhos vendados. Sabe das car\u00eancias e necessidades. Tem tudo para fazer um \u00f3timo trabalho.<\/p>\n<p>Com conspira\u00e7\u00e3o ou sem conspira\u00e7\u00e3o, boa sorte garoto. Voc\u00ea merece&#8230;<\/p>\n<p>E tenho dito!<\/p>\n","protected":false},"excerpt":{"rendered":"<p>Fernando L\u00e1zaro \u00e9 o novo t\u00e9cnico do Corinthians. Jovem j\u00e1 deixou a sele\u00e7\u00e3o e voltou ao Brasil para iniciar planejamento de 2023. A &#8220;teoria da <a class=\"read-more\" href=\"https:\/\/blogs.gazetaesportiva.com\/chicolang\/2022\/11\/20\/fernando-lazaro-e-a-teoria-da-conspiracao\/\">leia mais<\/a><\/p>\n","protected":false},"author":5,"featured_media":9062,"comment_status":"closed","ping_status":"open","sticky":false,"template":"","format":"standard","meta":{"jetpack_post_was_ever_published":false,"_jetpack_newsletter_access":"","_jetpack_dont_email_post_to_subs":false,"_jetpack_newsletter_tier_id":0,"_jetpack_memberships_contains_paywalled_content":false,"_jetpack_memberships_contains_paid_content":false,"footnotes":"","jetpack_publicize_message":"","jetpack_publicize_feature_enabled":true,"jetpack_social_post_already_shared":false,"jetpack_social_options":{"image_generator_settings":{"template":"highway","default_image_id":0,"font":"","enabled":false},"version":2}},"categories":[1],"tags":[],"class_list":["post-9060","post","type-post","status-publish","format-standard","has-post-thumbnail","hentry","category-sem-categoria"],"jetpack_publicize_connections":[],"jetpack_featured_media_url":"https:\/\/blogs.gazetaesportiva.com\/chicolang\/files\/2022\/11\/lazaro.jpg","jetpack_sharing_enabled":true,"jetpack_shortlink":"https:\/\/wp.me\/paxTb8-2m8","_links":{"self":[{"href":"https:\/\/blogs.gazetaesportiva.com\/chicolang\/wp-json\/wp\/v2\/posts\/9060","targetHints":{"allow":["GET"]}}],"collection":[{"href":"https:\/\/blogs.gazetaesportiva.com\/chicolang\/wp-json\/wp\/v2\/posts"}],"about":[{"href":"https:\/\/blogs.gazetaesportiva.com\/chicolang\/wp-json\/wp\/v2\/types\/post"}],"author":[{"embeddable":true,"href":"https:\/\/blogs.gazetaesportiva.com\/chicolang\/wp-json\/wp\/v2\/users\/5"}],"replies":[{"embeddable":true,"href":"https:\/\/blogs.gazetaesportiva.com\/chicolang\/wp-json\/wp\/v2\/comments?post=9060"}],"version-history":[{"count":0,"href":"https:\/\/blogs.gazetaesportiva.com\/chicolang\/wp-json\/wp\/v2\/posts\/9060\/revisions"}],"wp:featuredmedia":[{"embeddable":true,"href":"https:\/\/blogs.gazetaesportiva.com\/chicolang\/wp-json\/wp\/v2\/media\/9062"}],"wp:attachment":[{"href":"https:\/\/blogs.gazetaesportiva.com\/chicolang\/wp-json\/wp\/v2\/media?parent=9060"}],"wp:term":[{"taxonomy":"category","embeddable":true,"href":"https:\/\/blogs.gazetaesportiva.com\/chicolang\/wp-json\/wp\/v2\/categories?post=9060"},{"taxonomy":"post_tag","embeddable":true,"href":"https:\/\/blogs.gazetaesportiva.com\/chicolang\/wp-json\/wp\/v2\/tags?post=9060"}],"curies":[{"name":"wp","href":"https:\/\/api.w.org\/{rel}","templated":true}]}}