{"id":9040,"date":"2022-09-15T00:31:56","date_gmt":"2022-09-15T03:31:56","guid":{"rendered":"https:\/\/blogs.gazetaesportiva.com\/chicolang\/?p=9040"},"modified":"2022-09-15T00:35:37","modified_gmt":"2022-09-15T03:35:37","slug":"deu-flamengo-sem-humilhacoes","status":"publish","type":"post","link":"https:\/\/blogs.gazetaesportiva.com\/chicolang\/2022\/09\/15\/deu-flamengo-sem-humilhacoes\/","title":{"rendered":"Deu Flamengo, sem humilha\u00e7\u00f5es!"},"content":{"rendered":"<figure id=\"attachment_9041\" aria-describedby=\"caption-attachment-9041\" style=\"width: 800px\" class=\"wp-caption aligncenter\"><a href=\"https:\/\/blogs.gazetaesportiva.com\/chicolang\/files\/2022\/09\/lucianoxflamengo_140922_chiri.jpg\"><img loading=\"lazy\" decoding=\"async\" class=\"size-full wp-image-9041\" src=\"https:\/\/blogs.gazetaesportiva.com\/chicolang\/files\/2022\/09\/lucianoxflamengo_140922_chiri.jpg\" alt=\"\" width=\"800\" height=\"515\" srcset=\"https:\/\/blogs.gazetaesportiva.com\/chicolang\/files\/2022\/09\/lucianoxflamengo_140922_chiri.jpg 800w, https:\/\/blogs.gazetaesportiva.com\/chicolang\/files\/2022\/09\/lucianoxflamengo_140922_chiri-300x193.jpg 300w, https:\/\/blogs.gazetaesportiva.com\/chicolang\/files\/2022\/09\/lucianoxflamengo_140922_chiri-768x494.jpg 768w\" sizes=\"auto, (max-width: 800px) 100vw, 800px\" \/><\/a><figcaption id=\"caption-attachment-9041\" class=\"wp-caption-text\">Foto: Rubens Chiri\/SPFC<\/figcaption><\/figure>\n<p>Flamengo passou tranquilo para a final da Copa do Brasil. Venceu por 1 a 0, gol de Arrascaeta, sem humilha\u00e7\u00f5es,\u00a0 nessa quarta-feira, no Maracan\u00e3. Respeitou o fraco S\u00e3o Paulo e abriu m\u00e3o de uma goleada. Na soma dos dois jogos, 4 a 1 Rubro negro. Agora time de Dorival J\u00fanior espera por Corinthians ou Fluminense. Quem ser\u00e1 a pr\u00f3xima &#8220;v\u00edtima&#8221; dessa equipe magn\u00edfica?<\/p>\n<p>O Tricolor Paulista resolveu ir para cima para descontar dois gols de diferen\u00e7a pelo menos. A t\u00e1tica, por\u00e9m, surtiu efeito nos 15 primeiros minutos. Depois, o time do desprezado Dorival dominou completamente as a\u00e7\u00f5es.<\/p>\n<p>E usou de t\u00e9cnica, individualidade e intelig\u00eancia. Pegou o desesperado advers\u00e1rio em uma falha bizonha do zagueiro Diego. O pobre rapaz escorregou quando Pedro tocou para Everton Ribeiro. Meia levantou a cabe\u00e7a e rolou para Arrascaeta. O uruguaio bateu no canto direito com muita categoria. Jandrei nem saiu na foto, 1 a 0.<\/p>\n<p>O t\u00e9cnico Rog\u00e9rio Ceni, nesse momento, percebeu ter a vaca ido para o devido brejo. Alterou a equipe, viu Luciano acertar o poste esquerdo de Santos e Calleri perder gol feito no rebote. Desanimado, tentou surpreender colocando em campo &#8220;sangue novo&#8221; e se saiu bastante mal.<\/p>\n<p>Classifica\u00e7\u00e3o para l\u00e1 de justa do Flamengo, que tirou o p\u00e9 e preferiu um placar magro ao fazer gato e sapato de um oponente bem inferior, um patamar ou mais para baixo em termos t\u00e1ticos e t\u00e9cnicos.<\/p>\n<p>Que dureza&#8230;<\/p>\n<p>E tenho dito!<\/p>\n","protected":false},"excerpt":{"rendered":"<p>Flamengo passou tranquilo para a final da Copa do Brasil. Venceu por 1 a 0, gol de Arrascaeta, sem humilha\u00e7\u00f5es,\u00a0 nessa quarta-feira, no Maracan\u00e3. Respeitou <a class=\"read-more\" href=\"https:\/\/blogs.gazetaesportiva.com\/chicolang\/2022\/09\/15\/deu-flamengo-sem-humilhacoes\/\">leia mais<\/a><\/p>\n","protected":false},"author":5,"featured_media":9041,"comment_status":"closed","ping_status":"open","sticky":false,"template":"","format":"standard","meta":{"jetpack_post_was_ever_published":false,"_jetpack_newsletter_access":"","_jetpack_dont_email_post_to_subs":false,"_jetpack_newsletter_tier_id":0,"_jetpack_memberships_contains_paywalled_content":false,"_jetpack_memberships_contains_paid_content":false,"footnotes":"","jetpack_publicize_message":"","jetpack_publicize_feature_enabled":true,"jetpack_social_post_already_shared":false,"jetpack_social_options":{"image_generator_settings":{"template":"highway","default_image_id":0,"font":"","enabled":false},"version":2}},"categories":[1],"tags":[],"class_list":["post-9040","post","type-post","status-publish","format-standard","has-post-thumbnail","hentry","category-sem-categoria"],"jetpack_publicize_connections":[],"jetpack_featured_media_url":"https:\/\/blogs.gazetaesportiva.com\/chicolang\/files\/2022\/09\/lucianoxflamengo_140922_chiri.jpg","jetpack_sharing_enabled":true,"jetpack_shortlink":"https:\/\/wp.me\/paxTb8-2lO","_links":{"self":[{"href":"https:\/\/blogs.gazetaesportiva.com\/chicolang\/wp-json\/wp\/v2\/posts\/9040","targetHints":{"allow":["GET"]}}],"collection":[{"href":"https:\/\/blogs.gazetaesportiva.com\/chicolang\/wp-json\/wp\/v2\/posts"}],"about":[{"href":"https:\/\/blogs.gazetaesportiva.com\/chicolang\/wp-json\/wp\/v2\/types\/post"}],"author":[{"embeddable":true,"href":"https:\/\/blogs.gazetaesportiva.com\/chicolang\/wp-json\/wp\/v2\/users\/5"}],"replies":[{"embeddable":true,"href":"https:\/\/blogs.gazetaesportiva.com\/chicolang\/wp-json\/wp\/v2\/comments?post=9040"}],"version-history":[{"count":0,"href":"https:\/\/blogs.gazetaesportiva.com\/chicolang\/wp-json\/wp\/v2\/posts\/9040\/revisions"}],"wp:featuredmedia":[{"embeddable":true,"href":"https:\/\/blogs.gazetaesportiva.com\/chicolang\/wp-json\/wp\/v2\/media\/9041"}],"wp:attachment":[{"href":"https:\/\/blogs.gazetaesportiva.com\/chicolang\/wp-json\/wp\/v2\/media?parent=9040"}],"wp:term":[{"taxonomy":"category","embeddable":true,"href":"https:\/\/blogs.gazetaesportiva.com\/chicolang\/wp-json\/wp\/v2\/categories?post=9040"},{"taxonomy":"post_tag","embeddable":true,"href":"https:\/\/blogs.gazetaesportiva.com\/chicolang\/wp-json\/wp\/v2\/tags?post=9040"}],"curies":[{"name":"wp","href":"https:\/\/api.w.org\/{rel}","templated":true}]}}