{"id":9038,"date":"2022-09-11T19:28:24","date_gmt":"2022-09-11T22:28:24","guid":{"rendered":"https:\/\/blogs.gazetaesportiva.com\/chicolang\/?p=9038"},"modified":"2022-09-11T19:35:26","modified_gmt":"2022-09-11T22:35:26","slug":"injustica-no-classico-do-morumbi","status":"publish","type":"post","link":"https:\/\/blogs.gazetaesportiva.com\/chicolang\/2022\/09\/11\/injustica-no-classico-do-morumbi\/","title":{"rendered":"Injusti\u00e7a no cl\u00e1ssico do Morumbi"},"content":{"rendered":"<figure id=\"attachment_9039\" aria-describedby=\"caption-attachment-9039\" style=\"width: 800px\" class=\"wp-caption aligncenter\"><a href=\"https:\/\/blogs.gazetaesportiva.com\/chicolang\/files\/2022\/09\/52350975886_1f65c31b15_c.jpg\"><img loading=\"lazy\" decoding=\"async\" class=\"size-full wp-image-9039\" src=\"https:\/\/blogs.gazetaesportiva.com\/chicolang\/files\/2022\/09\/52350975886_1f65c31b15_c.jpg\" alt=\"\" width=\"800\" height=\"520\" srcset=\"https:\/\/blogs.gazetaesportiva.com\/chicolang\/files\/2022\/09\/52350975886_1f65c31b15_c.jpg 800w, https:\/\/blogs.gazetaesportiva.com\/chicolang\/files\/2022\/09\/52350975886_1f65c31b15_c-300x195.jpg 300w, https:\/\/blogs.gazetaesportiva.com\/chicolang\/files\/2022\/09\/52350975886_1f65c31b15_c-768x499.jpg 768w\" sizes=\"auto, (max-width: 800px) 100vw, 800px\" \/><\/a><figcaption id=\"caption-attachment-9039\" class=\"wp-caption-text\">Foto: Rubens Chiri \/ saopaulofc.net<\/figcaption><\/figure>\n<p>Empate no Morumbi por 1 a 1, na tarde desse domingo, pelo Brasileir\u00e3o, foi injusto para o Corinthians. S\u00e3o Paulo ainda teve um p\u00eanalti a favor inexistente. Falta de Gil foi fora da \u00e0rea e \u00c9der se atirou dentro. Na etapa final, Tim\u00e3o amassou. Perdeu tr\u00eas gols feitos! Agora que venha o Flu, Copa do Brasil. Tricolor Paulista vai ao Maracan\u00e3 tentar uma miss\u00e3o imposs\u00edvel: reverter o placar de 3 a 1 favor\u00e1vel ao Flamengo.<\/p>\n<p>Os gols do cl\u00e1ssico aconteceram no primeiro tempo. Em uma triangula\u00e7\u00e3o se sencional, Yuri Alberto acertou o \u00e2ngulo direito e abriu o placar, 1 a 0. O Tim\u00e3o sem tr\u00eas titulares e o Tricolor sem oito, sairam para troca\u00e7\u00e3o. A equipe do t\u00e9cnico Vitor Pereira, para variar, recuou e deu espa\u00e7os perigosos no meio campo.<\/p>\n<p>Em uma bola lan\u00e7ada por Rafinha, \u00c9der foi agarrado por Gil e se atirou dentro da \u00e1rea. A falta, por\u00e9m, ocorreu um metro fora. \u00c1rbitro e VAR, incontinentes, deram p\u00eanalti. \u00c9der bateu no meio do gol e deixou tudo igual, 1 a 1.<\/p>\n<p>Na etapa final, tanto Rog\u00e9rio Ceni quanto Mister VP foram para cima. O s\u00e3o-paulino colocou em campo Luciano, Patrick e Calleri. O corintiano,, Renato Augusto e Fagner. O Tim\u00e3o se saiu melhor e criou tr\u00eas grandes oportunidades. Numa delas, Fausto Veras acertou o travess\u00e3o. Do outro lado, \u00c9der cometeu a mesma fa\u00e7anha.<\/p>\n<p>Partida terminou igual. S\u00e3o Paulo manteve o tabu de estar invicto frente ao Corinthians no est\u00e1dio C\u00edcero Pompeu de Toledo. J\u00e1 a equipe do portuga,\u00a0 definitivamente, esqueceu de como se vence um jogo de futebol.<\/p>\n<p>E tenho dito!<\/p>\n","protected":false},"excerpt":{"rendered":"<p>Empate no Morumbi por 1 a 1, na tarde desse domingo, pelo Brasileir\u00e3o, foi injusto para o Corinthians. S\u00e3o Paulo ainda teve um p\u00eanalti a <a class=\"read-more\" href=\"https:\/\/blogs.gazetaesportiva.com\/chicolang\/2022\/09\/11\/injustica-no-classico-do-morumbi\/\">leia mais<\/a><\/p>\n","protected":false},"author":5,"featured_media":9039,"comment_status":"closed","ping_status":"open","sticky":false,"template":"","format":"standard","meta":{"jetpack_post_was_ever_published":false,"_jetpack_newsletter_access":"","_jetpack_dont_email_post_to_subs":false,"_jetpack_newsletter_tier_id":0,"_jetpack_memberships_contains_paywalled_content":false,"_jetpack_memberships_contains_paid_content":false,"footnotes":"","jetpack_publicize_message":"","jetpack_publicize_feature_enabled":true,"jetpack_social_post_already_shared":false,"jetpack_social_options":{"image_generator_settings":{"template":"highway","default_image_id":0,"font":"","enabled":false},"version":2}},"categories":[6,8,1],"tags":[],"class_list":["post-9038","post","type-post","status-publish","format-standard","has-post-thumbnail","hentry","category-corinthians","category-sao-paulo","category-sem-categoria"],"jetpack_publicize_connections":[],"jetpack_featured_media_url":"https:\/\/blogs.gazetaesportiva.com\/chicolang\/files\/2022\/09\/52350975886_1f65c31b15_c.jpg","jetpack_sharing_enabled":true,"jetpack_shortlink":"https:\/\/wp.me\/paxTb8-2lM","_links":{"self":[{"href":"https:\/\/blogs.gazetaesportiva.com\/chicolang\/wp-json\/wp\/v2\/posts\/9038","targetHints":{"allow":["GET"]}}],"collection":[{"href":"https:\/\/blogs.gazetaesportiva.com\/chicolang\/wp-json\/wp\/v2\/posts"}],"about":[{"href":"https:\/\/blogs.gazetaesportiva.com\/chicolang\/wp-json\/wp\/v2\/types\/post"}],"author":[{"embeddable":true,"href":"https:\/\/blogs.gazetaesportiva.com\/chicolang\/wp-json\/wp\/v2\/users\/5"}],"replies":[{"embeddable":true,"href":"https:\/\/blogs.gazetaesportiva.com\/chicolang\/wp-json\/wp\/v2\/comments?post=9038"}],"version-history":[{"count":0,"href":"https:\/\/blogs.gazetaesportiva.com\/chicolang\/wp-json\/wp\/v2\/posts\/9038\/revisions"}],"wp:featuredmedia":[{"embeddable":true,"href":"https:\/\/blogs.gazetaesportiva.com\/chicolang\/wp-json\/wp\/v2\/media\/9039"}],"wp:attachment":[{"href":"https:\/\/blogs.gazetaesportiva.com\/chicolang\/wp-json\/wp\/v2\/media?parent=9038"}],"wp:term":[{"taxonomy":"category","embeddable":true,"href":"https:\/\/blogs.gazetaesportiva.com\/chicolang\/wp-json\/wp\/v2\/categories?post=9038"},{"taxonomy":"post_tag","embeddable":true,"href":"https:\/\/blogs.gazetaesportiva.com\/chicolang\/wp-json\/wp\/v2\/tags?post=9038"}],"curies":[{"name":"wp","href":"https:\/\/api.w.org\/{rel}","templated":true}]}}