{"id":9036,"date":"2022-09-10T23:35:54","date_gmt":"2022-09-11T02:35:54","guid":{"rendered":"https:\/\/blogs.gazetaesportiva.com\/chicolang\/?p=9036"},"modified":"2022-09-10T23:59:31","modified_gmt":"2022-09-11T02:59:31","slug":"licao-de-casa-e-olhe-la","status":"publish","type":"post","link":"https:\/\/blogs.gazetaesportiva.com\/chicolang\/2022\/09\/10\/licao-de-casa-e-olhe-la\/","title":{"rendered":"Li\u00e7\u00e3o de casa e olhe l\u00e1!"},"content":{"rendered":"<figure id=\"attachment_9037\" aria-describedby=\"caption-attachment-9037\" style=\"width: 800px\" class=\"wp-caption aligncenter\"><a href=\"https:\/\/blogs.gazetaesportiva.com\/chicolang\/files\/2022\/09\/rony.jpg\"><img loading=\"lazy\" decoding=\"async\" class=\"size-full wp-image-9037\" src=\"https:\/\/blogs.gazetaesportiva.com\/chicolang\/files\/2022\/09\/rony.jpg\" alt=\"\" width=\"800\" height=\"450\" srcset=\"https:\/\/blogs.gazetaesportiva.com\/chicolang\/files\/2022\/09\/rony.jpg 800w, https:\/\/blogs.gazetaesportiva.com\/chicolang\/files\/2022\/09\/rony-300x169.jpg 300w, https:\/\/blogs.gazetaesportiva.com\/chicolang\/files\/2022\/09\/rony-768x432.jpg 768w\" sizes=\"auto, (max-width: 800px) 100vw, 800px\" \/><\/a><figcaption id=\"caption-attachment-9037\" class=\"wp-caption-text\">Foto: Cesar Greco<\/figcaption><\/figure>\n<p>O Palmeiras fez a li\u00e7\u00e3o de casa, nada mais, na noite desse s\u00e1bado, no Allianz Parque. Era obriga\u00e7\u00e3o vencer o lanterninha do Brasileir\u00e3o, 2 a 1 no Juventude. Os gols foram de Rony e Z\u00e9 Rafael (mas Murilo tocou por \u00faltimo). E Guilherme Paredes completou o placar.<\/p>\n<p>Eliminado da Libertadores pelo time do t\u00e9cnico Felip\u00e3o, era uma quest\u00e3o de honra somar tr\u00eas pontos e manter a lideran\u00e7a isolada no campeonato brasileiro, a \u00fanica\u00a0 competi\u00e7\u00e3o restante para a badalada equipe do treinador Abel Ferreira. Por isso, v\u00e1rios jogadores estavam inseguros e outros querendo mostrar servi\u00e7o.<\/p>\n<p>O fantasma da elimina\u00e7\u00e3o do sonhado tetra ainda assombra o Porco. Isso ficou patente no grande n\u00famero de gols desperdi\u00e7ados por Rony, Dudu e Z\u00e9 Rafael. O goleiro Pegorari teve uma atua\u00e7\u00e3o brilhante e parou o advers\u00e1rio com defesas magn\u00edficas.<\/p>\n<p>Como o Juventude quase n\u00e3o deu trabalho em termos ofensivos, o Alviverde pressionou bastante e mereceu ganhar. Quase 40 mil torcedores deram o ar da gra\u00e7a, o que chegou a surpreender, depois de outra desclassifica\u00e7\u00e3o no antigo Parque Ant\u00e1rtica.<\/p>\n<p>E tenho dito!<\/p>\n","protected":false},"excerpt":{"rendered":"<p>O Palmeiras fez a li\u00e7\u00e3o de casa, nada mais, na noite desse s\u00e1bado, no Allianz Parque. Era obriga\u00e7\u00e3o vencer o lanterninha do Brasileir\u00e3o, 2 a <a class=\"read-more\" href=\"https:\/\/blogs.gazetaesportiva.com\/chicolang\/2022\/09\/10\/licao-de-casa-e-olhe-la\/\">leia mais<\/a><\/p>\n","protected":false},"author":5,"featured_media":9037,"comment_status":"closed","ping_status":"open","sticky":false,"template":"","format":"standard","meta":{"jetpack_post_was_ever_published":false,"_jetpack_newsletter_access":"","_jetpack_dont_email_post_to_subs":false,"_jetpack_newsletter_tier_id":0,"_jetpack_memberships_contains_paywalled_content":false,"_jetpack_memberships_contains_paid_content":false,"footnotes":"","jetpack_publicize_message":"","jetpack_publicize_feature_enabled":true,"jetpack_social_post_already_shared":false,"jetpack_social_options":{"image_generator_settings":{"template":"highway","default_image_id":0,"font":"","enabled":false},"version":2}},"categories":[1],"tags":[],"class_list":["post-9036","post","type-post","status-publish","format-standard","has-post-thumbnail","hentry","category-sem-categoria"],"jetpack_publicize_connections":[],"jetpack_featured_media_url":"https:\/\/blogs.gazetaesportiva.com\/chicolang\/files\/2022\/09\/rony.jpg","jetpack_sharing_enabled":true,"jetpack_shortlink":"https:\/\/wp.me\/paxTb8-2lK","_links":{"self":[{"href":"https:\/\/blogs.gazetaesportiva.com\/chicolang\/wp-json\/wp\/v2\/posts\/9036","targetHints":{"allow":["GET"]}}],"collection":[{"href":"https:\/\/blogs.gazetaesportiva.com\/chicolang\/wp-json\/wp\/v2\/posts"}],"about":[{"href":"https:\/\/blogs.gazetaesportiva.com\/chicolang\/wp-json\/wp\/v2\/types\/post"}],"author":[{"embeddable":true,"href":"https:\/\/blogs.gazetaesportiva.com\/chicolang\/wp-json\/wp\/v2\/users\/5"}],"replies":[{"embeddable":true,"href":"https:\/\/blogs.gazetaesportiva.com\/chicolang\/wp-json\/wp\/v2\/comments?post=9036"}],"version-history":[{"count":0,"href":"https:\/\/blogs.gazetaesportiva.com\/chicolang\/wp-json\/wp\/v2\/posts\/9036\/revisions"}],"wp:featuredmedia":[{"embeddable":true,"href":"https:\/\/blogs.gazetaesportiva.com\/chicolang\/wp-json\/wp\/v2\/media\/9037"}],"wp:attachment":[{"href":"https:\/\/blogs.gazetaesportiva.com\/chicolang\/wp-json\/wp\/v2\/media?parent=9036"}],"wp:term":[{"taxonomy":"category","embeddable":true,"href":"https:\/\/blogs.gazetaesportiva.com\/chicolang\/wp-json\/wp\/v2\/categories?post=9036"},{"taxonomy":"post_tag","embeddable":true,"href":"https:\/\/blogs.gazetaesportiva.com\/chicolang\/wp-json\/wp\/v2\/tags?post=9036"}],"curies":[{"name":"wp","href":"https:\/\/api.w.org\/{rel}","templated":true}]}}