{"id":8610,"date":"2021-10-09T18:33:00","date_gmt":"2021-10-09T21:33:00","guid":{"rendered":"https:\/\/blogs.gazetaesportiva.com\/chicolang\/?p=8610"},"modified":"2021-10-09T23:16:54","modified_gmt":"2021-10-10T02:16:54","slug":"faltou-experiencia-para-sylvinho","status":"publish","type":"post","link":"https:\/\/blogs.gazetaesportiva.com\/chicolang\/2021\/10\/09\/faltou-experiencia-para-sylvinho\/","title":{"rendered":"Faltou experi\u00eancia para Sylvinho&#8230;"},"content":{"rendered":"<figure id=\"attachment_8611\" aria-describedby=\"caption-attachment-8611\" style=\"width: 3000px\" class=\"wp-caption aligncenter\"><a href=\"https:\/\/blogs.gazetaesportiva.com\/chicolang\/files\/2021\/10\/gazeta-press-foto-1604871.jpg\"><img loading=\"lazy\" decoding=\"async\" class=\"wp-image-8611 size-full\" src=\"https:\/\/blogs.gazetaesportiva.com\/chicolang\/files\/2021\/10\/gazeta-press-foto-1604871.jpg\" alt=\"\" width=\"3000\" height=\"2000\" srcset=\"https:\/\/blogs.gazetaesportiva.com\/chicolang\/files\/2021\/10\/gazeta-press-foto-1604871.jpg 3000w, https:\/\/blogs.gazetaesportiva.com\/chicolang\/files\/2021\/10\/gazeta-press-foto-1604871-300x200.jpg 300w, https:\/\/blogs.gazetaesportiva.com\/chicolang\/files\/2021\/10\/gazeta-press-foto-1604871-768x512.jpg 768w, https:\/\/blogs.gazetaesportiva.com\/chicolang\/files\/2021\/10\/gazeta-press-foto-1604871-1024x683.jpg 1024w\" sizes=\"auto, (max-width: 3000px) 100vw, 3000px\" \/><\/a><figcaption id=\"caption-attachment-8611\" class=\"wp-caption-text\">Foto: Rafael Melo \/ MyPhoto Press \/ Gazeta Press<\/figcaption><\/figure>\n<p>Uma decep\u00e7\u00e3o total. Assim.pode ser resumida a derrota do Corinthians por 1 a 0 para o Sport, em Recife, nesta tarde de s\u00e1bado. Equipe apresentou uma lentid\u00e3o irritante e chutou apenas uma bola em gol, aos 38 minutos do segundo tempo, com Gabriel Pereira. L\u00e1 se foram dez partidas invictas e a esperan\u00e7a de encostar nos primeiros colocados do Brasileir\u00e3o. Sylvinho, desta vez, errou. Abriu demais o time diante de um advers\u00e1rio desesperado para fugir do rebaixamento. Faltou experi\u00eancia, malandragem para t\u00e9cnico alvinegro. C\u00e1ssio, por sua vez, falhou no gol.<\/p>\n<p>Paci\u00eancia foi a palavra de ordem do primeiro tempo para o Tim\u00e3o. Sport anulou bem as jogadas pelas laterais e entupiu a entrada da grande \u00e1rea,\u00a0 eliminando o setor ofensivo corintiano. O jeito era tocar a bola de um lado para o outro, procurando uma brecha para finalizar. Estava dif\u00edcil e o time da casa, apoiado pela torcida, foi para cima, ganhou corpo e ficou cheio de moral.<\/p>\n<p><strong>GOL ANULADO\u00a0<\/strong><\/p>\n<p>A lentid\u00e3o da equipe de Sylvinho era outro fator negativo. Faltava profundidade, triangula\u00e7\u00f5es e chutes de fora da \u00e1rea. Tanto assim, que as melhores oportunidades foram do Le\u00e3o. Sabino chegou a fazer um gol de cabe\u00e7a. No entanto, no meio do caminho estava Rafael Thyere, que atrapalhou C\u00e1ssio. \u00c1rbitro anulou tudo.<\/p>\n<p>Na sequ\u00eancia, o menino Gustavo deu um drible desconsertante em F\u00e1bio Santos e quase abriu a contagem. Renato Augusto arriscou dois lances de m\u00e9dia dist\u00e2ncia, sem sucesso. Sport, veloz e r\u00e1pido, envolvia f\u00e1cil, f\u00e1cil o advers\u00e1rio. Corinthians tocava demais de lado e n\u00e3o era nada objetivo. Cad\u00ea a for\u00e7a ofensiva do Alvinegro? Sander, sem marca\u00e7\u00e3o, arriscou da meia lua e C\u00e1ssio pegou. Partida sem intensidade e chata demais.<\/p>\n<p><strong>NINGU\u00c9M MARCOU<\/strong><\/p>\n<p>N\u00e3o era poss\u00edvel que o Tim\u00e3o continuasse pregui\u00e7oso para a etapa final. Afinal, uma vit\u00f3ria fazia o time subir bastante na tabela e continuar sonhando alto. O Sport, por causa da afoba\u00e7\u00e3o, come\u00e7ou a errar passes, o que favoreceu as descidas corintianas para o ataque. Por\u00e9m, jogadas eram \u00f3bvias demais, neutralizadas pelos atentos jogadores da equipe pernambucana.<\/p>\n<p>Pelo contr\u00e1rio, os contra-ataques do Sport eram sempre perigosos. J\u00e1 passava da hora de Sylvinho mexer no ataque. Adson e Gustavo Mosquito entraram no lugar de Cantillo e J\u00f4. T\u00e9cnico alvinegro optou por atuar sem volantes. Atitude ousada. Tim\u00e3o ficou mais solto, principalmente gra\u00e7as \u00e0 velocidade de Mosquito.<\/p>\n<p>E veio o desastre. Paulinho Mosselin recebeu na esquerda e bateu cruzado, 1 a 0. Falha coletiva de marca\u00e7\u00e3o da zaga e do meio campo. Corinthians n\u00e3o deu um chute a gol at\u00e9 os 38 minutos. Gabriel Pereira arriscou e o goleiro pegou. Luan e Manuel entraram e sa\u00edram GP e Renato Augusto. Deu tudo errado e Tim\u00e3o deixou escapar chance preciosa para disparar no Brasileir\u00e3o.<\/p>\n<p>E tenho dito!<\/p>\n","protected":false},"excerpt":{"rendered":"<p>Uma decep\u00e7\u00e3o total. Assim.pode ser resumida a derrota do Corinthians por 1 a 0 para o Sport, em Recife, nesta tarde de s\u00e1bado. Equipe apresentou <a class=\"read-more\" href=\"https:\/\/blogs.gazetaesportiva.com\/chicolang\/2021\/10\/09\/faltou-experiencia-para-sylvinho\/\">leia mais<\/a><\/p>\n","protected":false},"author":5,"featured_media":8611,"comment_status":"closed","ping_status":"open","sticky":false,"template":"","format":"standard","meta":{"jetpack_post_was_ever_published":false,"_jetpack_newsletter_access":"","_jetpack_dont_email_post_to_subs":false,"_jetpack_newsletter_tier_id":0,"_jetpack_memberships_contains_paywalled_content":false,"_jetpack_memberships_contains_paid_content":false,"footnotes":"","jetpack_publicize_message":"","jetpack_publicize_feature_enabled":true,"jetpack_social_post_already_shared":false,"jetpack_social_options":{"image_generator_settings":{"template":"highway","default_image_id":0,"font":"","enabled":false},"version":2}},"categories":[1],"tags":[],"class_list":["post-8610","post","type-post","status-publish","format-standard","has-post-thumbnail","hentry","category-sem-categoria"],"jetpack_publicize_connections":[],"jetpack_featured_media_url":"https:\/\/blogs.gazetaesportiva.com\/chicolang\/files\/2021\/10\/gazeta-press-foto-1604871.jpg","jetpack_sharing_enabled":true,"jetpack_shortlink":"https:\/\/wp.me\/paxTb8-2eS","_links":{"self":[{"href":"https:\/\/blogs.gazetaesportiva.com\/chicolang\/wp-json\/wp\/v2\/posts\/8610","targetHints":{"allow":["GET"]}}],"collection":[{"href":"https:\/\/blogs.gazetaesportiva.com\/chicolang\/wp-json\/wp\/v2\/posts"}],"about":[{"href":"https:\/\/blogs.gazetaesportiva.com\/chicolang\/wp-json\/wp\/v2\/types\/post"}],"author":[{"embeddable":true,"href":"https:\/\/blogs.gazetaesportiva.com\/chicolang\/wp-json\/wp\/v2\/users\/5"}],"replies":[{"embeddable":true,"href":"https:\/\/blogs.gazetaesportiva.com\/chicolang\/wp-json\/wp\/v2\/comments?post=8610"}],"version-history":[{"count":0,"href":"https:\/\/blogs.gazetaesportiva.com\/chicolang\/wp-json\/wp\/v2\/posts\/8610\/revisions"}],"wp:featuredmedia":[{"embeddable":true,"href":"https:\/\/blogs.gazetaesportiva.com\/chicolang\/wp-json\/wp\/v2\/media\/8611"}],"wp:attachment":[{"href":"https:\/\/blogs.gazetaesportiva.com\/chicolang\/wp-json\/wp\/v2\/media?parent=8610"}],"wp:term":[{"taxonomy":"category","embeddable":true,"href":"https:\/\/blogs.gazetaesportiva.com\/chicolang\/wp-json\/wp\/v2\/categories?post=8610"},{"taxonomy":"post_tag","embeddable":true,"href":"https:\/\/blogs.gazetaesportiva.com\/chicolang\/wp-json\/wp\/v2\/tags?post=8610"}],"curies":[{"name":"wp","href":"https:\/\/api.w.org\/{rel}","templated":true}]}}