{"id":8601,"date":"2021-10-06T23:43:52","date_gmt":"2021-10-07T02:43:52","guid":{"rendered":"https:\/\/blogs.gazetaesportiva.com\/chicolang\/?p=8601"},"modified":"2021-10-06T23:48:50","modified_gmt":"2021-10-07T02:48:50","slug":"que-vergonha-palmeiras","status":"publish","type":"post","link":"https:\/\/blogs.gazetaesportiva.com\/chicolang\/2021\/10\/06\/que-vergonha-palmeiras\/","title":{"rendered":"Que vergonha, Palmeiras&#8230;"},"content":{"rendered":"<figure id=\"attachment_8602\" aria-describedby=\"caption-attachment-8602\" style=\"width: 2048px\" class=\"wp-caption aligncenter\"><a href=\"https:\/\/blogs.gazetaesportiva.com\/chicolang\/files\/2021\/10\/51558691042_2ffe1f3f0c_k.jpg\"><img loading=\"lazy\" decoding=\"async\" class=\"size-full wp-image-8602\" src=\"https:\/\/blogs.gazetaesportiva.com\/chicolang\/files\/2021\/10\/51558691042_2ffe1f3f0c_k.jpg\" alt=\"\" width=\"2048\" height=\"1363\" srcset=\"https:\/\/blogs.gazetaesportiva.com\/chicolang\/files\/2021\/10\/51558691042_2ffe1f3f0c_k.jpg 2048w, https:\/\/blogs.gazetaesportiva.com\/chicolang\/files\/2021\/10\/51558691042_2ffe1f3f0c_k-300x200.jpg 300w, https:\/\/blogs.gazetaesportiva.com\/chicolang\/files\/2021\/10\/51558691042_2ffe1f3f0c_k-768x511.jpg 768w, https:\/\/blogs.gazetaesportiva.com\/chicolang\/files\/2021\/10\/51558691042_2ffe1f3f0c_k-1024x682.jpg 1024w\" sizes=\"auto, (max-width: 2048px) 100vw, 2048px\" \/><\/a><figcaption id=\"caption-attachment-8602\" class=\"wp-caption-text\">Foto: Mour\u00e3o Panda \/ Am\u00e9rica<\/figcaption><\/figure>\n<p>O time do genioso t\u00e9cnico Abel Ferreira proporcionou ao Am\u00e9rica MG, no est\u00e1dio Independ\u00eancia nesta quinta-feira \u00e0 noite, uma vit\u00f3ria hist\u00f3rica. Pela primeira vez no Brasileir\u00e3o o Coelho ganhou do Palmeiras por 2 a 1, e de virada. Rony abriu o placar, Patrick empatou e Ademir, de p\u00eanalti, jogou a p\u00e1 de cal no Alviverde. E era para a contagem ser maior. Felipe Azevedo acertou uma penalidade m\u00e1xima no travess\u00e3o do goleiro Jailson. Equipe do portuga ficou devendo outra vez e fez a torcida passar vergonha.<\/p>\n<p>A vida n\u00e3o est\u00e1 f\u00e1cil para ningu\u00e9m, principalmente para o Verd\u00e3o no primeiro tempo. O Coelho mineiro resolveu engrossar uma barbaridade e tomou a iniciativa da partida. Alternava descidas ora pela direita, ora pela esquerda e insistia no &#8220;chuveirinho&#8221; para tentar sair na frente.<\/p>\n<p><strong>RONY N\u00c3O PERDOA<\/strong><\/p>\n<p>J\u00e1 o time alviverde se fechava na defesa, para variar, e apostava nos lan\u00e7amentos de Raphael Veiga para Dudu e Rony. Iniciativa, ali\u00e1s, bem neutralizada pela zaga americana. A primeira grande chance coube \u00e0 Ademir. Deu uma paulada no travess\u00e3o e assustou Jailson.<\/p>\n<p>Por\u00e9m, em contra-ataque, Lucas Kal falhou na marca\u00e7\u00e3o de Dudu, que lan\u00e7ou Rony. Atacante se livrou de Ricardo e bateu para as redes de Matheus Cavichioli. \u00c1rbitro apitou m\u00e3o de Rony. VAR revisou e corrigiu o lance. Defensor fez falta, n\u00e3o o palmeirense. Resultado, 1 a 0.<\/p>\n<p>Ficou ruim para o Am\u00e9rica MG. S\u00f3 tinha o tal Ademir arriscando de longe, com Jailson vendo de novo a bola raspar o poste esquerdo com perigo. Jogadores do t\u00e9cnico Vagner Mancini sentiram a barra e ficaram perdidos no gramado. Ainda mais diante da retranca advers\u00e1ria, um verdadeiro &#8220;cadeado&#8221; verde.<\/p>\n<p><strong>ZEBRA SOLTA<\/strong><\/p>\n<p>Com facilidade para tocar, Rony rolou para Dudu, travado na hora da conclus\u00e3o. Na resposta, Fabr\u00edcio arriscou de longe e Jailson salvou outra vez. Ou seja, Verd\u00e3o levou o Coelho na conversa e pulou na frente depois de pressionado e dominado. Na etapa final,\u00a0 deveria ficar \u00e0 merc\u00ea do Palmeiras. N\u00e3o foi bem assim. A zebra estava solta.<\/p>\n<p>Falta em Rony na entrada da \u00e1rea. Gabriel Menino cobrou forte. Cavichioli soltou nos p\u00e9s de Dudu. Atacante tocou para as redes. Por\u00e9m, estava em completo impedimento. Ai, ent\u00e3o, Jorge fez p\u00eanalti,\u00a0 quando tentou cortar chute de Patrick. VAR checou e corrigiu. Felipe Azevedo bateu alto e a pelota estourou no travess\u00e3o. Mais uma penalidade perdida pelo Coelho mineiro.<\/p>\n<p><strong>VIRADA NA RA\u00c7A\u00a0<\/strong><\/p>\n<p>Marlon cruzou na medida para Al\u00ea cabecear. Para fora. Como diria o velho e\u00a0 bom narrador Osmar Santos, p\u00eanalti e boca livre ningu\u00e9m pode perder. Inconformado, Am\u00e9rica MG foi atr\u00e1s do preju\u00edzo. Dudu, em contra-ataque, quase faz o segundo. Partida ficou aberta e bastante disputada. Dudu e Rony estavam com as &#8220;l\u00ednguas de fora&#8221;.<\/p>\n<p>E ai o imponder\u00e1vel aconteceu. Ningu\u00e9m sabe se Patrick quis cruzar ou chutar para o gol. No entanto, a bola morreu nas redes de Jailson, adiantado no lance, 1 a 1. E Abel mudou por atacado. Vieram Gustavo Scarpa, Wesley, Dayverson, Gabriel Veron e Danilo Barbosa. Em ataque r\u00e1pido pela esquerda, Rodolfo driblou o marcador e chutou cruzado. Jailson fez defesa milagrosa.<\/p>\n<p>Cavichioli salvou duas vezes a meta americana, em conclus\u00f5es de Gustavo Scarpa e Gabriel Veron. Na resposta, Rodolfo cruzou. Felipe Melo tirou com a m\u00e3o. VAR checou e confirmou. Ademir chamou a responsabilidade. Bola no canto, goleiro no outro, 2 a 1, de virada. Na sequ\u00eancia, Ribamar penetrou livre e perdeu a chance de &#8220;matar&#8221; a partida com o terceiro gol. Fim de papo. Vit\u00f3ria hist\u00f3rica. A primeira do Coelho sobre o Verd\u00e3o em campeonatos brasileiros.<\/p>\n<p>E tenho dito!<\/p>\n","protected":false},"excerpt":{"rendered":"<p>O time do genioso t\u00e9cnico Abel Ferreira proporcionou ao Am\u00e9rica MG, no est\u00e1dio Independ\u00eancia nesta quinta-feira \u00e0 noite, uma vit\u00f3ria hist\u00f3rica. Pela primeira vez no <a class=\"read-more\" href=\"https:\/\/blogs.gazetaesportiva.com\/chicolang\/2021\/10\/06\/que-vergonha-palmeiras\/\">leia mais<\/a><\/p>\n","protected":false},"author":5,"featured_media":8602,"comment_status":"closed","ping_status":"open","sticky":false,"template":"","format":"standard","meta":{"jetpack_post_was_ever_published":false,"_jetpack_newsletter_access":"","_jetpack_dont_email_post_to_subs":false,"_jetpack_newsletter_tier_id":0,"_jetpack_memberships_contains_paywalled_content":false,"_jetpack_memberships_contains_paid_content":false,"footnotes":"","jetpack_publicize_message":"","jetpack_publicize_feature_enabled":true,"jetpack_social_post_already_shared":false,"jetpack_social_options":{"image_generator_settings":{"template":"highway","default_image_id":0,"font":"","enabled":false},"version":2}},"categories":[1],"tags":[],"class_list":["post-8601","post","type-post","status-publish","format-standard","has-post-thumbnail","hentry","category-sem-categoria"],"jetpack_publicize_connections":[],"jetpack_featured_media_url":"https:\/\/blogs.gazetaesportiva.com\/chicolang\/files\/2021\/10\/51558691042_2ffe1f3f0c_k.jpg","jetpack_sharing_enabled":true,"jetpack_shortlink":"https:\/\/wp.me\/paxTb8-2eJ","_links":{"self":[{"href":"https:\/\/blogs.gazetaesportiva.com\/chicolang\/wp-json\/wp\/v2\/posts\/8601","targetHints":{"allow":["GET"]}}],"collection":[{"href":"https:\/\/blogs.gazetaesportiva.com\/chicolang\/wp-json\/wp\/v2\/posts"}],"about":[{"href":"https:\/\/blogs.gazetaesportiva.com\/chicolang\/wp-json\/wp\/v2\/types\/post"}],"author":[{"embeddable":true,"href":"https:\/\/blogs.gazetaesportiva.com\/chicolang\/wp-json\/wp\/v2\/users\/5"}],"replies":[{"embeddable":true,"href":"https:\/\/blogs.gazetaesportiva.com\/chicolang\/wp-json\/wp\/v2\/comments?post=8601"}],"version-history":[{"count":0,"href":"https:\/\/blogs.gazetaesportiva.com\/chicolang\/wp-json\/wp\/v2\/posts\/8601\/revisions"}],"wp:featuredmedia":[{"embeddable":true,"href":"https:\/\/blogs.gazetaesportiva.com\/chicolang\/wp-json\/wp\/v2\/media\/8602"}],"wp:attachment":[{"href":"https:\/\/blogs.gazetaesportiva.com\/chicolang\/wp-json\/wp\/v2\/media?parent=8601"}],"wp:term":[{"taxonomy":"category","embeddable":true,"href":"https:\/\/blogs.gazetaesportiva.com\/chicolang\/wp-json\/wp\/v2\/categories?post=8601"},{"taxonomy":"post_tag","embeddable":true,"href":"https:\/\/blogs.gazetaesportiva.com\/chicolang\/wp-json\/wp\/v2\/tags?post=8601"}],"curies":[{"name":"wp","href":"https:\/\/api.w.org\/{rel}","templated":true}]}}