{"id":8599,"date":"2021-10-05T23:47:25","date_gmt":"2021-10-06T02:47:25","guid":{"rendered":"https:\/\/blogs.gazetaesportiva.com\/chicolang\/?p=8599"},"modified":"2021-10-06T01:28:51","modified_gmt":"2021-10-06T04:28:51","slug":"reencontro-abencoado-da-fiel-com-timao","status":"publish","type":"post","link":"https:\/\/blogs.gazetaesportiva.com\/chicolang\/2021\/10\/05\/reencontro-abencoado-da-fiel-com-timao\/","title":{"rendered":"Reencontro aben\u00e7oado da Fiel com Tim\u00e3o"},"content":{"rendered":"<figure id=\"attachment_8600\" aria-describedby=\"caption-attachment-8600\" style=\"width: 3945px\" class=\"wp-caption aligncenter\"><a href=\"https:\/\/blogs.gazetaesportiva.com\/chicolang\/files\/2021\/10\/01602753.jpg\"><img loading=\"lazy\" decoding=\"async\" class=\"size-full wp-image-8600\" src=\"https:\/\/blogs.gazetaesportiva.com\/chicolang\/files\/2021\/10\/01602753.jpg\" alt=\"\" width=\"3945\" height=\"2630\" srcset=\"https:\/\/blogs.gazetaesportiva.com\/chicolang\/files\/2021\/10\/01602753.jpg 3945w, https:\/\/blogs.gazetaesportiva.com\/chicolang\/files\/2021\/10\/01602753-300x200.jpg 300w, https:\/\/blogs.gazetaesportiva.com\/chicolang\/files\/2021\/10\/01602753-768x512.jpg 768w, https:\/\/blogs.gazetaesportiva.com\/chicolang\/files\/2021\/10\/01602753-1024x683.jpg 1024w\" sizes=\"auto, (max-width: 3945px) 100vw, 3945px\" \/><\/a><figcaption id=\"caption-attachment-8600\" class=\"wp-caption-text\">Foto: Beto Miller\/AM Press &amp; Images\/Gazeta Press<\/figcaption><\/figure>\n<p>O reencontro da Fiel com o Corinthians foi aben\u00e7oado. Nesta ter\u00e7a-feira \u00e0 noite, na Neo Qu\u00edmica Arena, partida terminou 3 a 1. Depois de 586 dias sem p\u00fablico no est\u00e1dio gra\u00e7as \u00e0 Pandemia, 10 mil 624 torcedores viram de perto uma virada como S\u00e3o Jorge gosta. Gilberto fez de p\u00eanalti e Roger Guedes, da mesma forma, empatou. Cantillo, de cabe\u00e7a, fez o primeiro gol dele com o Manto Sagrado e J\u00f4 passou a r\u00e9gua e fechou a conta. Agora o camisa 77 \u00e9 o maior artilheiro da casa corintiana, com 28 gols (passou Romero, com 26). A Fiel provou ser o d\u00e9cimo segundo jogador mesmo. Tim\u00e3o assume o 4o lugar na tabela do Brasileir\u00e3o. Quem diria!<\/p>\n<p>Press\u00e3o corintiana forte no primeiro tempo. Tanto pela direita, quanto pela esquerda. A posse de bola era toda alvinegra. O esquadr\u00e3o baiano baixou as linhas para marcar e deu campo para o advers\u00e1rio. No entanto, armou um &#8220;ferrolho&#8221; na entrada da \u00e1rea, o que dificultava as penetra\u00e7\u00f5es ofensivas. Tamb\u00e9m era vis\u00edvel a ansiedade de alguns jogadores corintianos, afinal se apresentavam diante da Fiel depois de quase dois anos.<\/p>\n<p><strong>DOIS P\u00caNALTIS\u00a0<\/strong><\/p>\n<p>Bahia, por\u00e9m, n\u00e3o conseguia tirar partido disso. Um dos motivos era o \u00f3timo posicionamento do meio campo que, al\u00e9m de n\u00e3o dar espa\u00e7o, saia para o jogo. Por isso, chances de gol eram raras. Roger Guedes chutou aos 11. Gabriel Pereira cruzou e Renato Augusto despachou l\u00e1 para Arthur Alvim, bairro pr\u00f3ximo a Itaquera.<\/p>\n<p>Faltava uma iniciativa individual, algu\u00e9m para arriscar um drible, fosse para cima sem receio. Ou tentar de fora da \u00e1rea um chute de m\u00e9dia dist\u00e2ncia. A partir dos 30 minutos, a equipe baiana soltou-se mais. E veio uma falta desnecess\u00e1ria em plena \u00e1rea alvinegra. Lucas Piton, ing\u00eanuo, puxou o experiente Gilberto pelo pesco\u00e7o. VAR chamou a aten\u00e7\u00e3o do \u00e1rbitro. P\u00eanalti marcado. Gilberto cobrou e faturou, 1 a 0.<\/p>\n<p>Torcida deu a maior for\u00e7a, como sempre. Agora era hora de colocar os nervos no lugar e buscar o empate, com tranquilidade e tecnica. Por\u00e9m,\u00a0 os jogadores sentiram a barra. Roger Guedes bateu falta e o goleiro espalmou. Bahia ganhou confian\u00e7a e neutralizou os alvinegros. Resultado seria um castigo para a torcida.<\/p>\n<p>Sylvinho, ent\u00e3o,\u00a0 inverteu William e Gabriel Pereira para ver se acontecia alguma altera\u00e7\u00e3o significativa. Fagner lan\u00e7ou William. Camisa 10 cruzou, Giuliano pegou forte. Lucas Ara\u00fajo tirou a bola com a m\u00e3o dentro da \u00e1rea. \u00c1rbitro assinalou p\u00eanalti. Roger Guedes cobrou com categoria, no canto oposto de Mateus Claus, 1 a 0. Impressionou a calma e a frieza do atacante, agora com quatro gols pela nova equipe. Lucas Ara\u00fajo tinha cart\u00e3o amarelo e acabou sendo expulso.<\/p>\n<p><strong>VIRADA NA RA\u00c7A\u00a0<\/strong><\/p>\n<p>Sylvinho, na etapa final, tirou William e colocou J\u00f4. Meia acusou desconforto muscular. Com um homem a mais, um sufoco era esperado por parte do Corinthians. Falta em GP pela direita. Fagner cobrou na cabe\u00e7a certeira de Cantillo, 2 a 1, de virada. O primeiro gol do colombiano com a camisa preta e branca.<\/p>\n<p>Tim\u00e3o tirou partido da vantagem e foi para cima. Rog\u00e9rio Guedes tabelou com Giuliano e rolou para J\u00f4, que devolveu para Giuliano. Volante fulminou, Mateus Claus rebateu e GP n\u00e3o aproveitou a rebatida. Baixou o &#8220;santo&#8221; em GP. Fintou toda zaga e bateu sem for\u00e7a.<\/p>\n<p>GP estava em noite inspirada\u00a0 e fuzilou de fora da \u00e1rea. Goleiro rebateu nos p\u00e9s de J\u00f4. No rebote, veterano fez 3 a 1. VAR checou e validou. Triangula\u00e7\u00e3o entre GP, Roger Guedes e J\u00f4.\u00a0 A hora &#8220;h&#8221;, beque prensou e evitou o quarto tento. Cantillo saiu para a entrada de Gabriel. Fiel aplaudiu o colombiano em p\u00e9. Ali\u00e1s, merecidamente.<\/p>\n<p>Vieram Luan e Adson para substituir Renato Augusto e Roger Guedes (saudados tamb\u00e9m). Partida j\u00e1 estava definida. S\u00f3 restava saber se seria com mais gols ou ficaria por isso\u00a0 mesmo. At\u00e9\u00a0 GP foi embora para Gustavo Mosquito entrar. Gil, de cabe\u00e7a, por pouco n\u00e3o ampliou. Mosquito buscou tamb\u00e9m. Fim de papo. Consagra\u00e7\u00e3o total no reencontro da Fiel com o Tim\u00e3o. Bonito de ver.<\/p>\n<p>E tenho dito!<\/p>\n","protected":false},"excerpt":{"rendered":"<p>O reencontro da Fiel com o Corinthians foi aben\u00e7oado. Nesta ter\u00e7a-feira \u00e0 noite, na Neo Qu\u00edmica Arena, partida terminou 3 a 1. Depois de 586 <a class=\"read-more\" href=\"https:\/\/blogs.gazetaesportiva.com\/chicolang\/2021\/10\/05\/reencontro-abencoado-da-fiel-com-timao\/\">leia mais<\/a><\/p>\n","protected":false},"author":5,"featured_media":8600,"comment_status":"closed","ping_status":"open","sticky":false,"template":"","format":"standard","meta":{"jetpack_post_was_ever_published":false,"_jetpack_newsletter_access":"","_jetpack_dont_email_post_to_subs":false,"_jetpack_newsletter_tier_id":0,"_jetpack_memberships_contains_paywalled_content":false,"_jetpack_memberships_contains_paid_content":false,"footnotes":"","jetpack_publicize_message":"","jetpack_publicize_feature_enabled":true,"jetpack_social_post_already_shared":false,"jetpack_social_options":{"image_generator_settings":{"template":"highway","default_image_id":0,"font":"","enabled":false},"version":2}},"categories":[1],"tags":[],"class_list":["post-8599","post","type-post","status-publish","format-standard","has-post-thumbnail","hentry","category-sem-categoria"],"jetpack_publicize_connections":[],"jetpack_featured_media_url":"https:\/\/blogs.gazetaesportiva.com\/chicolang\/files\/2021\/10\/01602753.jpg","jetpack_sharing_enabled":true,"jetpack_shortlink":"https:\/\/wp.me\/paxTb8-2eH","_links":{"self":[{"href":"https:\/\/blogs.gazetaesportiva.com\/chicolang\/wp-json\/wp\/v2\/posts\/8599","targetHints":{"allow":["GET"]}}],"collection":[{"href":"https:\/\/blogs.gazetaesportiva.com\/chicolang\/wp-json\/wp\/v2\/posts"}],"about":[{"href":"https:\/\/blogs.gazetaesportiva.com\/chicolang\/wp-json\/wp\/v2\/types\/post"}],"author":[{"embeddable":true,"href":"https:\/\/blogs.gazetaesportiva.com\/chicolang\/wp-json\/wp\/v2\/users\/5"}],"replies":[{"embeddable":true,"href":"https:\/\/blogs.gazetaesportiva.com\/chicolang\/wp-json\/wp\/v2\/comments?post=8599"}],"version-history":[{"count":0,"href":"https:\/\/blogs.gazetaesportiva.com\/chicolang\/wp-json\/wp\/v2\/posts\/8599\/revisions"}],"wp:featuredmedia":[{"embeddable":true,"href":"https:\/\/blogs.gazetaesportiva.com\/chicolang\/wp-json\/wp\/v2\/media\/8600"}],"wp:attachment":[{"href":"https:\/\/blogs.gazetaesportiva.com\/chicolang\/wp-json\/wp\/v2\/media?parent=8599"}],"wp:term":[{"taxonomy":"category","embeddable":true,"href":"https:\/\/blogs.gazetaesportiva.com\/chicolang\/wp-json\/wp\/v2\/categories?post=8599"},{"taxonomy":"post_tag","embeddable":true,"href":"https:\/\/blogs.gazetaesportiva.com\/chicolang\/wp-json\/wp\/v2\/tags?post=8599"}],"curies":[{"name":"wp","href":"https:\/\/api.w.org\/{rel}","templated":true}]}}