{"id":8596,"date":"2021-10-03T20:23:55","date_gmt":"2021-10-03T23:23:55","guid":{"rendered":"https:\/\/blogs.gazetaesportiva.com\/chicolang\/?p=8596"},"modified":"2021-10-03T20:34:27","modified_gmt":"2021-10-03T23:34:27","slug":"desta-vez-wewerton-falhou","status":"publish","type":"post","link":"https:\/\/blogs.gazetaesportiva.com\/chicolang\/2021\/10\/03\/desta-vez-wewerton-falhou\/","title":{"rendered":"Desta vez, Wewerton falhou&#8230;"},"content":{"rendered":"<figure id=\"attachment_8598\" aria-describedby=\"caption-attachment-8598\" style=\"width: 1500px\" class=\"wp-caption aligncenter\"><a href=\"https:\/\/blogs.gazetaesportiva.com\/chicolang\/files\/2021\/10\/51547257431_dc2e5a6843_h.jpg\"><img loading=\"lazy\" decoding=\"async\" class=\"size-full wp-image-8598\" src=\"https:\/\/blogs.gazetaesportiva.com\/chicolang\/files\/2021\/10\/51547257431_dc2e5a6843_h.jpg\" alt=\"\" width=\"1500\" height=\"844\" srcset=\"https:\/\/blogs.gazetaesportiva.com\/chicolang\/files\/2021\/10\/51547257431_dc2e5a6843_h.jpg 1500w, https:\/\/blogs.gazetaesportiva.com\/chicolang\/files\/2021\/10\/51547257431_dc2e5a6843_h-300x169.jpg 300w, https:\/\/blogs.gazetaesportiva.com\/chicolang\/files\/2021\/10\/51547257431_dc2e5a6843_h-768x432.jpg 768w, https:\/\/blogs.gazetaesportiva.com\/chicolang\/files\/2021\/10\/51547257431_dc2e5a6843_h-1024x576.jpg 1024w\" sizes=\"auto, (max-width: 1500px) 100vw, 1500px\" \/><\/a><figcaption id=\"caption-attachment-8598\" class=\"wp-caption-text\">Foto: Divulga\u00e7\u00e3o\/Cesar Greco<\/figcaption><\/figure>\n<p>Quem esperava uma goleada do Palmeiras sobre o Juventude, neste domingo \u00e0 noite, no Allianz Parque, ficou decepcionado. A equipe do perturbado t\u00e9cnico Abel Ferreira empatou por 1 a 1 e deixou dois preciosos pontos para tr\u00e1s no Brasileir\u00e3o. Os artilheiros foram Guilherme Castilho e Danilo. Wewerton, tido como o melhor goleiro do Brasil na atualidade, falhou. Foi pego no contra p\u00e9. No mais, partida acabou sendo ataque x defesa, principalmente nos momentos finais. Verd\u00e3o bobeou mais uma vez na pr\u00f3pria casa.<\/p>\n<p>Uma lamban\u00e7a. Gustavo Scarpa perdeu a bola no ataque, logo aos 7 minutos. Wesley cometeu falta desnecess\u00e1ria em Sorriso bem na meia-lua, para evitar um contra-golpe. Guilherme Castilho cobrou no canto direito de Wewerton. Goleiro esperava a bola no canto oposto e deu um.passo em falso. Resultado: 1 a 0 para o Juventude. Placar inesperado que mudaria a cara do jogo. Um golpe inesperado no Alviverde\u00a0 animado com a classifica\u00e7\u00e3o para a final da Libertadores diante do Atl\u00e9tico MG, por enquanto.<\/p>\n<p>O Juventude continuava esperto. Por\u00e9m, na cobran\u00e7a de escanteio de Gustavo Scarpa encontou Danilo livre, leve e solto e n\u00e3o deu outra, 1 a 1. Var checou e validou. Igualdade veio em boa hora. Palmeiras tinha tudo para retomar as r\u00e9deas do jogo. Pelota resvala na m\u00e3o de William Matheus. P\u00eanalti? VAR entra em a\u00e7\u00e3o e diz: segue o jogo, jarg\u00e3o de Milton Leite da Sportv.<\/p>\n<p>Por duas vezes, Rony bateu (uma de letra) e Douglas Friedrich salvou, com \u00f3timo reflexo.\u00a0 Em excelente arrancada pelo meio, Sorriso bateu alto e Wewerton fez defesa &#8220;milagrosa&#8221;. Goleiro realmente em grande forma. Equipe ga\u00facha apostava no erro advers\u00e1rio e se dava bem.<\/p>\n<p>Piquerez substituiu Jorge na etapa final. Guilherme Castilho recebeu da direita e &#8220;chicoteou&#8221; no canto esquerdo para fora. Em seguida, Sorriso driblou Piquerez com um &#8220;el\u00e1stico&#8221; e cruzou. Guilherme Castilho mergulhou de cabe\u00e7a e perdeu de novo. O tal de Piquerez entrou desligado e comprometeu.<\/p>\n<p>Felipe Melo, Dudu e Gabriel Veron viram para o pega. Z\u00e9 Rafael, Wesley e Luiz Adriano foram embora. Gustavo Scarpa bateu falta com a maestria de sempre e acertou o poste direito do goleiro Douglas. No rebote, ju\u00edz\u00e3o assinalou impedimento. Verd\u00e3o tinham o dom\u00ednio, por\u00e9m encontrava dificuldade para passar pela bem armada defesa da equipe ga\u00facha.<\/p>\n<p>Vitor Mendes &#8220;espirrou o taco&#8221; e quase faz gol contra. Press\u00e3o alviverde era intensa. At\u00e9 o &#8220;odiado&#8221; Dayverson (ele invadiu o campo no Mineir\u00e3o e a torcida ficou pistola) chegou para tentar virar o placar. Incr\u00edvel tabela entre Dayverson e Dudu, finaliza\u00e7\u00e3o deste \u00faltimo para Douglas espalmar. Juventude tentando esfriar os \u00e2nimos para segurar o suado empate. E deu certo. Resultado justo. Verd\u00e3o atacou bastante mas o Juventude soube se defender.<\/p>\n<p>E tenho dito!<\/p>\n","protected":false},"excerpt":{"rendered":"<p>Quem esperava uma goleada do Palmeiras sobre o Juventude, neste domingo \u00e0 noite, no Allianz Parque, ficou decepcionado. A equipe do perturbado t\u00e9cnico Abel Ferreira <a class=\"read-more\" href=\"https:\/\/blogs.gazetaesportiva.com\/chicolang\/2021\/10\/03\/desta-vez-wewerton-falhou\/\">leia mais<\/a><\/p>\n","protected":false},"author":5,"featured_media":8598,"comment_status":"closed","ping_status":"open","sticky":false,"template":"","format":"standard","meta":{"jetpack_post_was_ever_published":false,"_jetpack_newsletter_access":"","_jetpack_dont_email_post_to_subs":false,"_jetpack_newsletter_tier_id":0,"_jetpack_memberships_contains_paywalled_content":false,"_jetpack_memberships_contains_paid_content":false,"footnotes":"","jetpack_publicize_message":"","jetpack_publicize_feature_enabled":true,"jetpack_social_post_already_shared":false,"jetpack_social_options":{"image_generator_settings":{"template":"highway","default_image_id":0,"font":"","enabled":false},"version":2}},"categories":[1],"tags":[],"class_list":["post-8596","post","type-post","status-publish","format-standard","has-post-thumbnail","hentry","category-sem-categoria"],"jetpack_publicize_connections":[],"jetpack_featured_media_url":"https:\/\/blogs.gazetaesportiva.com\/chicolang\/files\/2021\/10\/51547257431_dc2e5a6843_h.jpg","jetpack_sharing_enabled":true,"jetpack_shortlink":"https:\/\/wp.me\/paxTb8-2eE","_links":{"self":[{"href":"https:\/\/blogs.gazetaesportiva.com\/chicolang\/wp-json\/wp\/v2\/posts\/8596","targetHints":{"allow":["GET"]}}],"collection":[{"href":"https:\/\/blogs.gazetaesportiva.com\/chicolang\/wp-json\/wp\/v2\/posts"}],"about":[{"href":"https:\/\/blogs.gazetaesportiva.com\/chicolang\/wp-json\/wp\/v2\/types\/post"}],"author":[{"embeddable":true,"href":"https:\/\/blogs.gazetaesportiva.com\/chicolang\/wp-json\/wp\/v2\/users\/5"}],"replies":[{"embeddable":true,"href":"https:\/\/blogs.gazetaesportiva.com\/chicolang\/wp-json\/wp\/v2\/comments?post=8596"}],"version-history":[{"count":0,"href":"https:\/\/blogs.gazetaesportiva.com\/chicolang\/wp-json\/wp\/v2\/posts\/8596\/revisions"}],"wp:featuredmedia":[{"embeddable":true,"href":"https:\/\/blogs.gazetaesportiva.com\/chicolang\/wp-json\/wp\/v2\/media\/8598"}],"wp:attachment":[{"href":"https:\/\/blogs.gazetaesportiva.com\/chicolang\/wp-json\/wp\/v2\/media?parent=8596"}],"wp:term":[{"taxonomy":"category","embeddable":true,"href":"https:\/\/blogs.gazetaesportiva.com\/chicolang\/wp-json\/wp\/v2\/categories?post=8596"},{"taxonomy":"post_tag","embeddable":true,"href":"https:\/\/blogs.gazetaesportiva.com\/chicolang\/wp-json\/wp\/v2\/tags?post=8596"}],"curies":[{"name":"wp","href":"https:\/\/api.w.org\/{rel}","templated":true}]}}