{"id":8595,"date":"2021-10-03T18:10:25","date_gmt":"2021-10-03T21:10:25","guid":{"rendered":"https:\/\/blogs.gazetaesportiva.com\/chicolang\/?p=8595"},"modified":"2021-10-03T18:25:26","modified_gmt":"2021-10-03T21:25:26","slug":"crespo-queimou-a-lingua-em-chapeco","status":"publish","type":"post","link":"https:\/\/blogs.gazetaesportiva.com\/chicolang\/2021\/10\/03\/crespo-queimou-a-lingua-em-chapeco\/","title":{"rendered":"Crespo queimou a l\u00edngua em Chapec\u00f3"},"content":{"rendered":"<figure id=\"attachment_8597\" aria-describedby=\"caption-attachment-8597\" style=\"width: 1600px\" class=\"wp-caption aligncenter\"><a href=\"https:\/\/blogs.gazetaesportiva.com\/chicolang\/files\/2021\/10\/51547039011_f669f57a48_h.jpg\"><img loading=\"lazy\" decoding=\"async\" class=\"size-full wp-image-8597\" src=\"https:\/\/blogs.gazetaesportiva.com\/chicolang\/files\/2021\/10\/51547039011_f669f57a48_h.jpg\" alt=\"\" width=\"1600\" height=\"1079\" srcset=\"https:\/\/blogs.gazetaesportiva.com\/chicolang\/files\/2021\/10\/51547039011_f669f57a48_h.jpg 1600w, https:\/\/blogs.gazetaesportiva.com\/chicolang\/files\/2021\/10\/51547039011_f669f57a48_h-300x202.jpg 300w, https:\/\/blogs.gazetaesportiva.com\/chicolang\/files\/2021\/10\/51547039011_f669f57a48_h-768x518.jpg 768w, https:\/\/blogs.gazetaesportiva.com\/chicolang\/files\/2021\/10\/51547039011_f669f57a48_h-1024x691.jpg 1024w\" sizes=\"auto, (max-width: 1600px) 100vw, 1600px\" \/><\/a><figcaption id=\"caption-attachment-8597\" class=\"wp-caption-text\">Foto: Divulga\u00e7\u00e3o\/Rubens Chiri<\/figcaption><\/figure>\n<p>Antes do jogo, o t\u00e9cnico Hernan Crespo disse que era obriga\u00e7\u00e3o do Tricolor derrotar a Chapecoense, \u00faltima colocada do Brasileir\u00e3o. Uma declara\u00e7\u00e3o, no m\u00ednimo, arrogante e provocativa. Em campo, 1 a 1, entre S\u00e3o Paulo e Chape, na tarde deste domingo, em Chapec\u00f3. Ou seja, Crespo mordeu a l\u00edngua. Foi infeliz na declara\u00e7\u00e3o e provocou o decadente advers\u00e1rio. Os gols foram de Rigoni e Mike, para aumentar a agonia tricolor, ainda amea\u00e7ado pela parte de baixo da tabela.<\/p>\n<p>Ali\u00e1s, Crespo n\u00e3o tem o costume de agir dessa forma. Na verdade, ele est\u00e1 visivelmente pressionado por dirigentes e torcedores. A escala\u00e7\u00e3o de \u00c9der, que amea\u00e7ou deixar o clube caso continuasse na reserva, foi um bom exemplo do &#8220;arrocho&#8221; dentro do elenco.<\/p>\n<p>Nada do que Crespo prometeu aconteceu. Pelo contr\u00e1rio. Equipe cheia de atacantes, pecava pela aus\u00eancia de um armador, algu\u00e9m que colocasse o pessoal l\u00e1 da frente na cara do gol. A Chape, por sua vez, apresentava um futebol ruim. Mal conseguia passar do grande c\u00edrculo de t\u00e3o desarrumada e sem um m\u00ednimo de organiza\u00e7\u00e3o t\u00e1tica. N\u00e3o \u00e9 \u00e0 toa estar praticamente rebaixada para 2020.<\/p>\n<p>Ai, ent\u00e3o, a sorte sorriu para o treinador hermano. Liziero chocou-se com o marcador. A bola sobrou para Rigoni, que deu uma pancada no \u00e2ngulo e abriu o placar, 1 a 0. Os donos da casa perderam chance certa com Anselmo Ramon. Na resposta, Rigoni ganhou na corrida do zagueiro, penetrou com equil\u00edbrio e arriscou uma &#8220;cavadinha&#8221; na frente de Keiller. Caprichosamente, a bola raspou o poste direito, indo para fora.<\/p>\n<p>Do ponto de vista t\u00e9cnico e t\u00e1tico, uma partida deprimente. Duas equipes preocupas em n\u00e3o perder de jeito nenhum. Somar pontos era a palavra de ordem e o espet\u00e1culo que se dane. Na etapa final, nada mudou. O esp\u00edrito da coisa era o mesmo. Bola para o mato em jogo de campeonato. Coisinha feia demais.<\/p>\n<p>Apesar da mediocridade, estava mais para o S\u00e3o Paulo fazer o segundo do que a Chape empatar. Luciano rolou para Rigoni. De novo, enfeitou demais e perdeu \u00f3tima oportunidade. Sairam, ent\u00e3o, \u00c9der e Liziero para as entradas de Luan e Calleri. E o argentino quase marcou quando recebeu de Luciano um passe a\u00e7ucarado.<\/p>\n<p>E veio a &#8220;zebra&#8221;. Cruzamento da esquerda, de Geuv\u00e2nio ap\u00f3s tabela com Dener, Mike entrou como um foguete e deixou tudo igual, 1 a 1. VAR checou e validou. Um castigo para a fata de concentra\u00e7\u00e3o dos s\u00e3o-paulinos. Um lance antes, goleiro Tiago Volpi foi displicente, cedeu um escanteio sem necessidade, o que originou o empate do advers\u00e1rio, um time bem inferior.<\/p>\n<p>Calleri at\u00e9 fez o dele, completamente impedido. Crespo tirou Galeano e apostou em Igor Gomes. Rodrigo Nestor arriscou de longe e Keiller encaixou. Press\u00e3o tricolor. Goleiro soltou bola f\u00e1cil e Carelli desperdi\u00e7ou. Correria desenfreada para cima da Chape. \u00c1rbitro deu seis minutos de acr\u00e9scimo. Nenhuma das equipes, por\u00e9m, conseguiu tirar proveito da longa e desnecess\u00e1ria prorroga\u00e7\u00e3o. Pela ruindade, resultado just\u00edssimo. Uma das piores partidas do campeonato.<\/p>\n<p>Ruim demais.<\/p>\n<p>E tenho dito!<\/p>\n","protected":false},"excerpt":{"rendered":"<p>Antes do jogo, o t\u00e9cnico Hernan Crespo disse que era obriga\u00e7\u00e3o do Tricolor derrotar a Chapecoense, \u00faltima colocada do Brasileir\u00e3o. Uma declara\u00e7\u00e3o, no m\u00ednimo, arrogante <a class=\"read-more\" href=\"https:\/\/blogs.gazetaesportiva.com\/chicolang\/2021\/10\/03\/crespo-queimou-a-lingua-em-chapeco\/\">leia mais<\/a><\/p>\n","protected":false},"author":5,"featured_media":8597,"comment_status":"closed","ping_status":"open","sticky":false,"template":"","format":"standard","meta":{"jetpack_post_was_ever_published":false,"_jetpack_newsletter_access":"","_jetpack_dont_email_post_to_subs":false,"_jetpack_newsletter_tier_id":0,"_jetpack_memberships_contains_paywalled_content":false,"_jetpack_memberships_contains_paid_content":false,"footnotes":"","jetpack_publicize_message":"","jetpack_publicize_feature_enabled":true,"jetpack_social_post_already_shared":false,"jetpack_social_options":{"image_generator_settings":{"template":"highway","default_image_id":0,"font":"","enabled":false},"version":2}},"categories":[1],"tags":[],"class_list":["post-8595","post","type-post","status-publish","format-standard","has-post-thumbnail","hentry","category-sem-categoria"],"jetpack_publicize_connections":[],"jetpack_featured_media_url":"https:\/\/blogs.gazetaesportiva.com\/chicolang\/files\/2021\/10\/51547039011_f669f57a48_h.jpg","jetpack_sharing_enabled":true,"jetpack_shortlink":"https:\/\/wp.me\/paxTb8-2eD","_links":{"self":[{"href":"https:\/\/blogs.gazetaesportiva.com\/chicolang\/wp-json\/wp\/v2\/posts\/8595","targetHints":{"allow":["GET"]}}],"collection":[{"href":"https:\/\/blogs.gazetaesportiva.com\/chicolang\/wp-json\/wp\/v2\/posts"}],"about":[{"href":"https:\/\/blogs.gazetaesportiva.com\/chicolang\/wp-json\/wp\/v2\/types\/post"}],"author":[{"embeddable":true,"href":"https:\/\/blogs.gazetaesportiva.com\/chicolang\/wp-json\/wp\/v2\/users\/5"}],"replies":[{"embeddable":true,"href":"https:\/\/blogs.gazetaesportiva.com\/chicolang\/wp-json\/wp\/v2\/comments?post=8595"}],"version-history":[{"count":0,"href":"https:\/\/blogs.gazetaesportiva.com\/chicolang\/wp-json\/wp\/v2\/posts\/8595\/revisions"}],"wp:featuredmedia":[{"embeddable":true,"href":"https:\/\/blogs.gazetaesportiva.com\/chicolang\/wp-json\/wp\/v2\/media\/8597"}],"wp:attachment":[{"href":"https:\/\/blogs.gazetaesportiva.com\/chicolang\/wp-json\/wp\/v2\/media?parent=8595"}],"wp:term":[{"taxonomy":"category","embeddable":true,"href":"https:\/\/blogs.gazetaesportiva.com\/chicolang\/wp-json\/wp\/v2\/categories?post=8595"},{"taxonomy":"post_tag","embeddable":true,"href":"https:\/\/blogs.gazetaesportiva.com\/chicolang\/wp-json\/wp\/v2\/tags?post=8595"}],"curies":[{"name":"wp","href":"https:\/\/api.w.org\/{rel}","templated":true}]}}