{"id":8586,"date":"2021-09-28T23:33:27","date_gmt":"2021-09-29T02:33:27","guid":{"rendered":"https:\/\/blogs.gazetaesportiva.com\/chicolang\/?p=8586"},"modified":"2021-09-29T16:53:57","modified_gmt":"2021-09-29T19:53:57","slug":"abel-ferreira-simplesmente-bestial","status":"publish","type":"post","link":"https:\/\/blogs.gazetaesportiva.com\/chicolang\/2021\/09\/28\/abel-ferreira-simplesmente-bestial\/","title":{"rendered":"Abel Ferreira simplesmente &#8220;bestial&#8221;"},"content":{"rendered":"<p><a href=\"https:\/\/blogs.gazetaesportiva.com\/chicolang\/files\/2021\/09\/000_9NQ4XQ.jpg\"><img loading=\"lazy\" decoding=\"async\" class=\"size-full wp-image-8587\" src=\"https:\/\/blogs.gazetaesportiva.com\/chicolang\/files\/2021\/09\/000_9NQ4XQ.jpg\" alt=\"\" width=\"1024\" height=\"682\" srcset=\"https:\/\/blogs.gazetaesportiva.com\/chicolang\/files\/2021\/09\/000_9NQ4XQ.jpg 1024w, https:\/\/blogs.gazetaesportiva.com\/chicolang\/files\/2021\/09\/000_9NQ4XQ-300x200.jpg 300w, https:\/\/blogs.gazetaesportiva.com\/chicolang\/files\/2021\/09\/000_9NQ4XQ-768x512.jpg 768w\" sizes=\"auto, (max-width: 1024px) 100vw, 1024px\" \/><\/a><\/p>\n<p>O folcl\u00f3rico e saudoso t\u00e9cnico Otto Gl\u00f3ria dizia que em Portugal um t\u00e9cnico era &#8220;besta ou bestial&#8221;.\u00a0 Nesta ter\u00e7a-feira \u00e0 noite, no Mineir\u00e3o, o portugu\u00eas Abel Ferreira teve uma jornada bestial. Estava perdendo por 1 a 0. Trocou Rony por Gabriel Veron. Dele saiu o cruzamento para Dudu empatar. O resultado de 1 a 1 (gol fora) classificou o Palmeiras para a final da Libertadores em partida cheia de emo\u00e7\u00e3o. Agora, o Verd\u00e3o espera o Flamengo ou o Barcelona de Guayaquil na disputa do t\u00edtulo, no est\u00e1dio de Montevideu, no Uruguai, no dia 20 de novembro.<\/p>\n<p>Na retranca e com tr\u00eas zagueiros. O t\u00e9cnico Abel Ferreira armou o time palmeirense com o regulamento debaixo do bra\u00e7o. Fechou-se l\u00e1 atr\u00e1s e apostou na famosa &#8220;uma bola&#8221;. At\u00e9 por essa atitude, o Galo teve mais dom\u00ednio e tomou a iniciativa sem cerim\u00f4nia. Guilherme Arana, por exemplo, flutuava pela esquerda e Mariano fazia o mesmo pela direita.<\/p>\n<p>Verd\u00e3o vivia das arrancadas de Rony, sempre valente e brigando por todas vantagens que podia obter. A grande chance, no entanto, esteve nos p\u00e9s de Piquerez, que fintou Mariano e bateu cruzado para fora. Antes,\u00a0Vargas deixou Hulk livre na cara do gol. Wewerton foi mais r\u00e1pido e evitou o pior. Na base do r\u00edgido esquema t\u00e1tico, o Alviverde ia cozinhando o &#8220;galo&#8221;.<\/p>\n<p>Jogadores atleticanos baixaram o sarrafo. Faltas violentas paravam as iniciativas da equipe paulista. Raphael Veiga escorregou, Arana recuperou por\u00e9m chutou fraco. Na saida r\u00e1pida, equipe do treinador Cuca estava ligada. No entanto, muitos passes errados prejudicavam a evolu\u00e7\u00e3o ofensiva.<\/p>\n<p>Nacho Fernandes ganhou de Felipe Melo na dividida, penetrou e finalizou para \u00f3tima defesa de Weverton. Decis\u00e3o ficou mesmo para a etapa final. A responsabilidade, agora, seria de Cuca. Afinal, atuava em casa, frente a 20 mil torcedores e n\u00e3o correspondia \u00e0s expectativas. Resultado valia uma vaga na final da cobi\u00e7ada Libertadores. Quem quisesse passar a outra fase teria de colocar o cora\u00e7\u00e3o no bico da chuteira.<\/p>\n<p>Hulk de fora da \u00e1rea arriscou a pelota bateu na cabe\u00e7a de Wewerton no contra-ataque, Marcos Rocha lan\u00e7ou Rony. Atacante chutou cruzado e Everson cobriu o \u00e2ngulo. Ai, ent\u00e3o, Jair desceu pela direita e al\u00e7ou na \u00e1rea. Vargas subiu no meio da zaga advers\u00e1ria e testou para o fundo das redes alviverdes, 1 a 0. VAR checou e validou.<\/p>\n<p>Agora, era a vez do portuga agir, soltar o time. Nacho Fernandes, no entanto, deixou Vargas na cara do goleiro e o chileno desperdi\u00e7ou. Perdeu tento feito. Palmeiras sentiu a barra e deixou se abater. Wewerton deu um estourao para frente, Rony levou Nathan Silva na corrida e bateu. Everson salvou. \u00c1rbitro errou e assinalou tiro de meta.<\/p>\n<p>Rony continuava isolado e mesmo assim amea\u00e7ava. Por incr\u00edvel que pare\u00e7a, o melhor jogador palmeirense saiu. Rony foi embora para a entrada de Gabriel Veron. E deu certo: Veron passou como quis por Nathan Silva e rolou para Dudu, quase em cima da linha., 1 a 1. M\u00e3o santa do pol\u00eamico t\u00e9cnico portugu\u00eas.<\/p>\n<p>O resultado classificava o Verd\u00e3o. Era tudo ou nada para o Galo. Contundido, saiu Marcos Rocha e veio Gabriel Menino. De falta, Hulk bateu forte para Wewerton espalmar. Jair deu lugar a Samarino. Atl\u00e9tico MG apressado, para n\u00e3o dizer desesperado. Verd\u00e3o adiantou a marca\u00e7\u00e3o e dificultou a sa\u00edda de bola atleticana. Equipe da casa nervosa.<\/p>\n<p>Abel tirou Dudu e Veiga e p\u00f4s Wesley e Z\u00e9 Rafael. Cuca sacou Zaracho e apostou em Sasha. Treinador do Galo fez mais mudan\u00e7as e colocou o zagueiro Rever para tentar o gol de cabe\u00e7a. Nada adiantou e o Atl\u00e9tico MG ficou no &#8220;cheirinho&#8221; como o Flamengo no passado.<\/p>\n<p>E tenho dito!<\/p>\n","protected":false},"excerpt":{"rendered":"<p>O folcl\u00f3rico e saudoso t\u00e9cnico Otto Gl\u00f3ria dizia que em Portugal um t\u00e9cnico era &#8220;besta ou bestial&#8221;.\u00a0 Nesta ter\u00e7a-feira \u00e0 noite, no Mineir\u00e3o, o portugu\u00eas <a class=\"read-more\" href=\"https:\/\/blogs.gazetaesportiva.com\/chicolang\/2021\/09\/28\/abel-ferreira-simplesmente-bestial\/\">leia mais<\/a><\/p>\n","protected":false},"author":5,"featured_media":8587,"comment_status":"closed","ping_status":"open","sticky":false,"template":"","format":"standard","meta":{"jetpack_post_was_ever_published":false,"_jetpack_newsletter_access":"","_jetpack_dont_email_post_to_subs":false,"_jetpack_newsletter_tier_id":0,"_jetpack_memberships_contains_paywalled_content":false,"_jetpack_memberships_contains_paid_content":false,"footnotes":"","jetpack_publicize_message":"","jetpack_publicize_feature_enabled":true,"jetpack_social_post_already_shared":false,"jetpack_social_options":{"image_generator_settings":{"template":"highway","default_image_id":0,"font":"","enabled":false},"version":2}},"categories":[1],"tags":[],"class_list":["post-8586","post","type-post","status-publish","format-standard","has-post-thumbnail","hentry","category-sem-categoria"],"jetpack_publicize_connections":[],"jetpack_featured_media_url":"https:\/\/blogs.gazetaesportiva.com\/chicolang\/files\/2021\/09\/000_9NQ4XQ.jpg","jetpack_sharing_enabled":true,"jetpack_shortlink":"https:\/\/wp.me\/paxTb8-2eu","_links":{"self":[{"href":"https:\/\/blogs.gazetaesportiva.com\/chicolang\/wp-json\/wp\/v2\/posts\/8586","targetHints":{"allow":["GET"]}}],"collection":[{"href":"https:\/\/blogs.gazetaesportiva.com\/chicolang\/wp-json\/wp\/v2\/posts"}],"about":[{"href":"https:\/\/blogs.gazetaesportiva.com\/chicolang\/wp-json\/wp\/v2\/types\/post"}],"author":[{"embeddable":true,"href":"https:\/\/blogs.gazetaesportiva.com\/chicolang\/wp-json\/wp\/v2\/users\/5"}],"replies":[{"embeddable":true,"href":"https:\/\/blogs.gazetaesportiva.com\/chicolang\/wp-json\/wp\/v2\/comments?post=8586"}],"version-history":[{"count":0,"href":"https:\/\/blogs.gazetaesportiva.com\/chicolang\/wp-json\/wp\/v2\/posts\/8586\/revisions"}],"wp:featuredmedia":[{"embeddable":true,"href":"https:\/\/blogs.gazetaesportiva.com\/chicolang\/wp-json\/wp\/v2\/media\/8587"}],"wp:attachment":[{"href":"https:\/\/blogs.gazetaesportiva.com\/chicolang\/wp-json\/wp\/v2\/media?parent=8586"}],"wp:term":[{"taxonomy":"category","embeddable":true,"href":"https:\/\/blogs.gazetaesportiva.com\/chicolang\/wp-json\/wp\/v2\/categories?post=8586"},{"taxonomy":"post_tag","embeddable":true,"href":"https:\/\/blogs.gazetaesportiva.com\/chicolang\/wp-json\/wp\/v2\/tags?post=8586"}],"curies":[{"name":"wp","href":"https:\/\/api.w.org\/{rel}","templated":true}]}}