{"id":8583,"date":"2021-09-25T21:07:17","date_gmt":"2021-09-26T00:07:17","guid":{"rendered":"https:\/\/blogs.gazetaesportiva.com\/chicolang\/?p=8583"},"modified":"2021-09-25T22:29:02","modified_gmt":"2021-09-26T01:29:02","slug":"roger-guedes-faz-barba-cabelo-e-bigode","status":"publish","type":"post","link":"https:\/\/blogs.gazetaesportiva.com\/chicolang\/2021\/09\/25\/roger-guedes-faz-barba-cabelo-e-bigode\/","title":{"rendered":"Roger Guedes faz barba, cabelo e bigode"},"content":{"rendered":"<figure id=\"attachment_8584\" aria-describedby=\"caption-attachment-8584\" style=\"width: 3000px\" class=\"wp-caption aligncenter\"><a href=\"https:\/\/blogs.gazetaesportiva.com\/chicolang\/files\/2021\/09\/01597507.jpg\"><img loading=\"lazy\" decoding=\"async\" class=\"size-full wp-image-8584\" src=\"https:\/\/blogs.gazetaesportiva.com\/chicolang\/files\/2021\/09\/01597507.jpg\" alt=\"\" width=\"3000\" height=\"2000\" srcset=\"https:\/\/blogs.gazetaesportiva.com\/chicolang\/files\/2021\/09\/01597507.jpg 3000w, https:\/\/blogs.gazetaesportiva.com\/chicolang\/files\/2021\/09\/01597507-300x200.jpg 300w, https:\/\/blogs.gazetaesportiva.com\/chicolang\/files\/2021\/09\/01597507-768x512.jpg 768w, https:\/\/blogs.gazetaesportiva.com\/chicolang\/files\/2021\/09\/01597507-1024x683.jpg 1024w\" sizes=\"auto, (max-width: 3000px) 100vw, 3000px\" \/><\/a><figcaption id=\"caption-attachment-8584\" class=\"wp-caption-text\">Foto: Ettore Chiereguini\/AGIF\/GPress<\/figcaption><\/figure>\n<p>A tal da Lei do Ex valeu mais do que nunca. O Corinthians derrotou o arqui-inimigo Palmeiras por 2 a 1, neste s\u00e1bado \u00e0 noite, na Neo Qu\u00edmica Arena, em Itaquera. Roger Guedes foi o her\u00f3i e o vil\u00e3o da jornada. Fez tr\u00eas gols a favor (s\u00f3 dois valeram) e um contra (em chute de Gabriel Menino). Ele, um ex-palmeirense, deitou e rolou, ajudando o Tim\u00e3o a manter uma invencibilidade de oito jogos e quebrando um tabu de sete, sem vencer.\u00a0 Cl\u00e1ssico valeria o ingresso. Bem disputado e atraente.<\/p>\n<p>O Verd\u00e3o acuou o Tim\u00e3o com uma marca\u00e7\u00e3o sob press\u00e3o, evitando que o advers\u00e1rio saisse tranquilo com a bola dominada j\u00e1 nos primeiros movimentos. Na base do toque, da triangula\u00e7\u00e3o e da individualidade, os jogadores alvinegros procuravam superar o advers\u00e1rio, com um time misto por\u00e9m entrosado e perigoso. Partida ficou equilibrada e bastante agrad\u00e1vel.<\/p>\n<p>Wesley pela esquerda, em cima de Fagner, dava trabalho. Ganhava quase todas no mano a mano. Dudu fazia o mesmo pela direita, infernizando F\u00e1bio Santos. Por outro lado, Roger Guedes era um &#8220;centroavante falso&#8221;, se deslocava bastante, aparentemente sem efetividade, apesar de estar atento e mostrando muito esfor\u00e7o e esp\u00edrito coletivo.<\/p>\n<p><strong>SURPRESA<\/strong><\/p>\n<p>Gustavo Scarpa arriscou de fora da \u00e1rea, C\u00e1ssio encaixou. William deu para Renato Augusto, Gabriel Pereira cruzou. Pelota resvalou em Luan e obrigou Wewerton a boa defesa. Ai, ent\u00e3o, brilharam os resfor\u00e7os corintianos. Renato Augusto passou por Luan, tocou para Giuliano, que deu para Roger Guedes. Atacante bateu de primeira, cruzado, no canto oposto de Wewerton, 1 a 0.<\/p>\n<p>Palmeiras sentiu o bom momento alvinegro e mostrou um certo abalo. Era a hora de o Tim\u00e3o aproveitar a queda t\u00e9cnica alviverde. Gabriel Pereira era o homem mais atrevido ofensivamente, criando boas jogadas sobre Renan. GP, em lance isolado, quase faz o segundo. Pelota raspou o poste direito palmeirense.<\/p>\n<p>Fagner pegou Wesley. Falta perigosa. Dudu cruzou e Gustavo Gomes testou para fora. Bandeirinha assinalou impedimento. Wesley para Patrick de Paula. Chutou para fora. Pelo Corinthians,\u00a0 William e Roger Guedes trocavam bastante de posi\u00e7\u00e3o, enganando os zagueiros. William arrancou pelo meio e passou para Roger Guedes. Ele penetrou e bateu para o fundo do gol de Wewerton. VAR entrou em a\u00e7\u00e3o. Gol anulado. Guedes irregular.<\/p>\n<p>No \u00faltimo lance do primeiro tempo, Gabriel Menino pegou de prima, desviou na canela de Cantillo e depois em Roger Guedes, 1 a 1. Lance de sorte salvou a atua\u00e7\u00e3o ruim do Verd\u00e3o. Na sequ\u00eancia, lance r\u00e1pido e Dudu finalizou nas m\u00e3os de C\u00e1ssio. No detalhe, igualdade e equil\u00edbrio na partida.<\/p>\n<p><strong>GOLA\u00c7O<\/strong><\/p>\n<p>Como o Palmeiras costuma crescer no final de jogo, todo cuidado era pouco para o Corinthians, uma equipe ainda em forma\u00e7\u00e3o, buscando uma identidade. O t\u00e9cnico Abel Ferreira mudou. Colocou Z\u00e9 Rafael no lugar de Patrick de Paula. Pelo lado corintiano, at\u00e9 quando William e Renato Augusto aguentariam o ritmo forte do cl\u00e1ssico? Cantillo lan\u00e7ou William. Camisa 10 partiu para cima e bateu rasteiro. Wewerton espalmou.<\/p>\n<p>Ao contr\u00e1rio do primeiro tempo, Tim\u00e3o tomou iniciativa. Verd\u00e3o respondeu a altura e jogo ficou bonito de ser visto. Dayverson e Willian Bigode vieram para a &#8220;guerra&#8221;.Foram embora Dudu e Luiz Adriano. Saiu Wesley e entrou Gabriel Veron. Abel poupando a equipe para pega contra Atl\u00e9tico MG, na pr\u00f3xima ter\u00e7a-feira, v\u00e1lido pela Libertadores.<\/p>\n<p>Z\u00e9 Rafael deu uma boa agilidade para o meio campo alviverde. Sylvinho resolveu mudar. Sairam GP e Renato Augusto. Chegaram Gustavo Mosquito e Du Queiroz. Giuliano deu para Mosquito, que fuzilou. Wewerton espalmou no reflexo. Veron, de cabe\u00e7a, respondeu e C\u00e1ssio salvou. Vitinho e J\u00f4 para as sa\u00eddas de William e Cantillo.<\/p>\n<p>Sem Renato Augusto e William, Tim\u00e3o caiu de produ\u00e7\u00e3o. Escanteio, Gustavo Scarpa desviou e Luan desperdi\u00e7ou gol certo. Outro escanteio, Scarpa cruzou e Veron acertou o poste direito de C\u00e1ssio. \u00c1rbitro, por\u00e9m, anulou lance na origem. Quando Palmeiras estava melhor, o inesperado. Du Queiroz recuperou e viu Vitinho,que disparou pelo miolo e rolou para Roger Guedes. Atacante driblou Gabriel Menino e fez um gola\u00e7o, 2 a 1. Abel sacou Renan e p\u00f4s Jorge. Sylvinho tirou Giuliano e apostou em Xavier.<\/p>\n<p>Agora era aguardar o sufoco verde. Tim\u00e3o recuou, ficou s\u00f3 na defesa. Cruzamento da esquerda de Veron, Bigode de cabe\u00e7a obrigou o Gigante a pular e agarrar. E fim de partida. Magn\u00edfica vit\u00f3ria alvinegra. Quebrou um tabu de sete jogos sem vencer o arqui-inimigo. Agora vai?<\/p>\n<p>E tenho dito!<\/p>\n<p>&nbsp;<\/p>\n<p>&nbsp;<\/p>\n","protected":false},"excerpt":{"rendered":"<p>A tal da Lei do Ex valeu mais do que nunca. O Corinthians derrotou o arqui-inimigo Palmeiras por 2 a 1, neste s\u00e1bado \u00e0 noite, <a class=\"read-more\" href=\"https:\/\/blogs.gazetaesportiva.com\/chicolang\/2021\/09\/25\/roger-guedes-faz-barba-cabelo-e-bigode\/\">leia mais<\/a><\/p>\n","protected":false},"author":5,"featured_media":8584,"comment_status":"closed","ping_status":"open","sticky":false,"template":"","format":"standard","meta":{"jetpack_post_was_ever_published":false,"_jetpack_newsletter_access":"","_jetpack_dont_email_post_to_subs":false,"_jetpack_newsletter_tier_id":0,"_jetpack_memberships_contains_paywalled_content":false,"_jetpack_memberships_contains_paid_content":false,"footnotes":"","jetpack_publicize_message":"","jetpack_publicize_feature_enabled":true,"jetpack_social_post_already_shared":false,"jetpack_social_options":{"image_generator_settings":{"template":"highway","default_image_id":0,"font":"","enabled":false},"version":2}},"categories":[6,1],"tags":[],"class_list":["post-8583","post","type-post","status-publish","format-standard","has-post-thumbnail","hentry","category-corinthians","category-sem-categoria"],"jetpack_publicize_connections":[],"jetpack_featured_media_url":"https:\/\/blogs.gazetaesportiva.com\/chicolang\/files\/2021\/09\/01597507.jpg","jetpack_sharing_enabled":true,"jetpack_shortlink":"https:\/\/wp.me\/paxTb8-2er","_links":{"self":[{"href":"https:\/\/blogs.gazetaesportiva.com\/chicolang\/wp-json\/wp\/v2\/posts\/8583","targetHints":{"allow":["GET"]}}],"collection":[{"href":"https:\/\/blogs.gazetaesportiva.com\/chicolang\/wp-json\/wp\/v2\/posts"}],"about":[{"href":"https:\/\/blogs.gazetaesportiva.com\/chicolang\/wp-json\/wp\/v2\/types\/post"}],"author":[{"embeddable":true,"href":"https:\/\/blogs.gazetaesportiva.com\/chicolang\/wp-json\/wp\/v2\/users\/5"}],"replies":[{"embeddable":true,"href":"https:\/\/blogs.gazetaesportiva.com\/chicolang\/wp-json\/wp\/v2\/comments?post=8583"}],"version-history":[{"count":0,"href":"https:\/\/blogs.gazetaesportiva.com\/chicolang\/wp-json\/wp\/v2\/posts\/8583\/revisions"}],"wp:featuredmedia":[{"embeddable":true,"href":"https:\/\/blogs.gazetaesportiva.com\/chicolang\/wp-json\/wp\/v2\/media\/8584"}],"wp:attachment":[{"href":"https:\/\/blogs.gazetaesportiva.com\/chicolang\/wp-json\/wp\/v2\/media?parent=8583"}],"wp:term":[{"taxonomy":"category","embeddable":true,"href":"https:\/\/blogs.gazetaesportiva.com\/chicolang\/wp-json\/wp\/v2\/categories?post=8583"},{"taxonomy":"post_tag","embeddable":true,"href":"https:\/\/blogs.gazetaesportiva.com\/chicolang\/wp-json\/wp\/v2\/tags?post=8583"}],"curies":[{"name":"wp","href":"https:\/\/api.w.org\/{rel}","templated":true}]}}