{"id":8577,"date":"2021-09-21T23:29:25","date_gmt":"2021-09-22T02:29:25","guid":{"rendered":"https:\/\/blogs.gazetaesportiva.com\/chicolang\/?p=8577"},"modified":"2021-09-21T23:39:39","modified_gmt":"2021-09-22T02:39:39","slug":"sorte-do-palmeiras-e-azar-de-hulk","status":"publish","type":"post","link":"https:\/\/blogs.gazetaesportiva.com\/chicolang\/2021\/09\/21\/sorte-do-palmeiras-e-azar-de-hulk\/","title":{"rendered":"Sorte do Palmeiras e azar de Hulk"},"content":{"rendered":"<figure id=\"attachment_8579\" aria-describedby=\"caption-attachment-8579\" style=\"width: 1024px\" class=\"wp-caption aligncenter\"><a href=\"https:\/\/blogs.gazetaesportiva.com\/chicolang\/files\/2021\/09\/000_9NA9EM.jpg\"><img loading=\"lazy\" decoding=\"async\" class=\"size-full wp-image-8579\" src=\"https:\/\/blogs.gazetaesportiva.com\/chicolang\/files\/2021\/09\/000_9NA9EM.jpg\" alt=\"\" width=\"1024\" height=\"760\" srcset=\"https:\/\/blogs.gazetaesportiva.com\/chicolang\/files\/2021\/09\/000_9NA9EM.jpg 1024w, https:\/\/blogs.gazetaesportiva.com\/chicolang\/files\/2021\/09\/000_9NA9EM-300x223.jpg 300w, https:\/\/blogs.gazetaesportiva.com\/chicolang\/files\/2021\/09\/000_9NA9EM-768x570.jpg 768w\" sizes=\"auto, (max-width: 1024px) 100vw, 1024px\" \/><\/a><figcaption id=\"caption-attachment-8579\" class=\"wp-caption-text\">Foto: Fernando Bizerra\/AFP<\/figcaption><\/figure>\n<p>O Palmeiras esteve em p\u00e9ssima jornada e empatou com o Atl\u00e9tico MG em 0 a 0, nesta ter\u00e7a-feira \u00e0 noite, no Allianz Parque. O time de Abel Ferreira ficou mais de 90 minutos sem dar um chute a gol. Preferiu na retranca. Quase se deu mal. O badalado Hulk perdeu um p\u00eanalti (acertou a trave). As melhores chances foram do Galo. O Palestra limitou-se a defender e segurar o empate. Nem parecia que atuava em casa. Pr\u00f3ximo jogo, na ter\u00e7a-feira, decide a vaga na final da Libertadores, no Mineir\u00e3o. Que dureza!<\/p>\n<p>Um Verd\u00e3o inibido demais no primeiro tempo. Chegou a ser acuado pelo Galo, bastante \u00e0 vontade no gramado. Era o time mineiro que girava a bola de um lado para o outro, atr\u00e1s de uma brecha na zaga alviverde. A equipe palmeirense se defendia na cara dura, com oito jogadores atr\u00e1s da linha da bola. Cautela demais para os donos da casa.<\/p>\n<p>Guilherme Arana recebeu livre pela esquerda, nas costas de Marcos Rocha, cortou para dentro e bateu cruzado. Para sorte de Wewerton, chute foi sem dire\u00e7\u00e3o,\u00a0 para fora. Rony era o mais esfor\u00e7ado. Trombava com os beques atleticanos e arriscava de longe. Dudu discreto e Luiz Adriano sumido no jogo. Ataque alviverde apagad\u00edssimo.<\/p>\n<p>O Galo tinha varia\u00e7\u00f5es de jogadas tamb\u00e9m pela direita, com Mariano e Zaracho. O tal de Piquerez correu feito um condenado. Quem n\u00e3o conseguiu mostrar todo potencial foi Diego Costa,\u00a0 bem cercado por Felipe Melo e Gustavo Gomes. E foi o badalado zagueiro que cometeu p\u00eanalti claro em Diego Costa. Hulk bateu e acertou o poste esquerdo do goleiro Wewerton. Que vexame!<\/p>\n<p>Palmeiras com sorte, por\u00e9m sem inspira\u00e7\u00e3o. N\u00e3o deu uma finaliza\u00e7\u00e3o sequer contra o gol de Everson. Para segunda etapa, o t\u00e9cnico Abel Ferreira precisava mostrar servi\u00e7o e tirar partido da vantagem do fator campo. Time, por\u00e9m, n\u00e3o saiu do lenga lenga-lenga de sempre. Veiga tentava armar com lan\u00e7amentos de m\u00e9dia dist\u00e2ncia, sem sucesso. Faltava pegada, vibra\u00e7\u00e3o para o Palmeiras, conformado com a superioridade do advers\u00e1rio.<\/p>\n<p>Diego Costa sentiu contus\u00e3o e entrou Keno, ex-palmeirense. Abel se co\u00e7ou e mudou. Colocou Wesley e Dayverson. Foram embora Luiz Adriano e Dudu. E o portuga ainda ordenou Marcos Rocha acompanhar Keno, ou seja, fechou o time ainda mais. Dudu, revoltado, teve um piti no banco. N\u00e3o gostou de ser substitu\u00eddo. Foi embora Felipe Melo e veio o garoto Danilo.<\/p>\n<p>Cuca sacou Zaracho e p\u00f4s Vargas. Moral da hist\u00f3ria: o treinador do Galo queria vencer e o do Verd\u00e3o, empatar. Do .eia da rua, Hulk cobrou uma falta perigosa. Pelota triscou o poste direito de Wewerton. Z\u00e9 Rafael se machucou e entrou Patrick de Paula. Gabriel Veron substituiu Rony. No Galo, Nathan e Sasha. Adeus Huck e Nacho Fernandes. O atacante &#8220;fort\u00e3o&#8221; reclamou por ter sa\u00eddo. Jogo ficou devendo. Mas Galo saiu-se melhor. Pelo menos, n\u00e3o perdeu.<\/p>\n<p>E tenho dito!<\/p>\n","protected":false},"excerpt":{"rendered":"<p>O Palmeiras esteve em p\u00e9ssima jornada e empatou com o Atl\u00e9tico MG em 0 a 0, nesta ter\u00e7a-feira \u00e0 noite, no Allianz Parque. O time <a class=\"read-more\" href=\"https:\/\/blogs.gazetaesportiva.com\/chicolang\/2021\/09\/21\/sorte-do-palmeiras-e-azar-de-hulk\/\">leia mais<\/a><\/p>\n","protected":false},"author":5,"featured_media":8579,"comment_status":"closed","ping_status":"open","sticky":false,"template":"","format":"standard","meta":{"jetpack_post_was_ever_published":false,"_jetpack_newsletter_access":"","_jetpack_dont_email_post_to_subs":false,"_jetpack_newsletter_tier_id":0,"_jetpack_memberships_contains_paywalled_content":false,"_jetpack_memberships_contains_paid_content":false,"footnotes":"","jetpack_publicize_message":"","jetpack_publicize_feature_enabled":true,"jetpack_social_post_already_shared":false,"jetpack_social_options":{"image_generator_settings":{"template":"highway","default_image_id":0,"font":"","enabled":false},"version":2}},"categories":[1],"tags":[],"class_list":["post-8577","post","type-post","status-publish","format-standard","has-post-thumbnail","hentry","category-sem-categoria"],"jetpack_publicize_connections":[],"jetpack_featured_media_url":"https:\/\/blogs.gazetaesportiva.com\/chicolang\/files\/2021\/09\/000_9NA9EM.jpg","jetpack_sharing_enabled":true,"jetpack_shortlink":"https:\/\/wp.me\/paxTb8-2el","_links":{"self":[{"href":"https:\/\/blogs.gazetaesportiva.com\/chicolang\/wp-json\/wp\/v2\/posts\/8577","targetHints":{"allow":["GET"]}}],"collection":[{"href":"https:\/\/blogs.gazetaesportiva.com\/chicolang\/wp-json\/wp\/v2\/posts"}],"about":[{"href":"https:\/\/blogs.gazetaesportiva.com\/chicolang\/wp-json\/wp\/v2\/types\/post"}],"author":[{"embeddable":true,"href":"https:\/\/blogs.gazetaesportiva.com\/chicolang\/wp-json\/wp\/v2\/users\/5"}],"replies":[{"embeddable":true,"href":"https:\/\/blogs.gazetaesportiva.com\/chicolang\/wp-json\/wp\/v2\/comments?post=8577"}],"version-history":[{"count":0,"href":"https:\/\/blogs.gazetaesportiva.com\/chicolang\/wp-json\/wp\/v2\/posts\/8577\/revisions"}],"wp:featuredmedia":[{"embeddable":true,"href":"https:\/\/blogs.gazetaesportiva.com\/chicolang\/wp-json\/wp\/v2\/media\/8579"}],"wp:attachment":[{"href":"https:\/\/blogs.gazetaesportiva.com\/chicolang\/wp-json\/wp\/v2\/media?parent=8577"}],"wp:term":[{"taxonomy":"category","embeddable":true,"href":"https:\/\/blogs.gazetaesportiva.com\/chicolang\/wp-json\/wp\/v2\/categories?post=8577"},{"taxonomy":"post_tag","embeddable":true,"href":"https:\/\/blogs.gazetaesportiva.com\/chicolang\/wp-json\/wp\/v2\/tags?post=8577"}],"curies":[{"name":"wp","href":"https:\/\/api.w.org\/{rel}","templated":true}]}}