{"id":8572,"date":"2021-09-19T20:21:32","date_gmt":"2021-09-19T23:21:32","guid":{"rendered":"https:\/\/blogs.gazetaesportiva.com\/chicolang\/?p=8572"},"modified":"2021-09-19T20:56:10","modified_gmt":"2021-09-19T23:56:10","slug":"timao-merecia-vencer-no-retorno-de-william","status":"publish","type":"post","link":"https:\/\/blogs.gazetaesportiva.com\/chicolang\/2021\/09\/19\/timao-merecia-vencer-no-retorno-de-william\/","title":{"rendered":"Tim\u00e3o merecia vencer no retorno de William"},"content":{"rendered":"<figure id=\"attachment_8575\" aria-describedby=\"caption-attachment-8575\" style=\"width: 2000px\" class=\"wp-caption aligncenter\"><a href=\"https:\/\/blogs.gazetaesportiva.com\/chicolang\/files\/2021\/09\/agenciacorinthians-foto-185074.jpg\"><img loading=\"lazy\" decoding=\"async\" class=\"size-full wp-image-8575\" src=\"https:\/\/blogs.gazetaesportiva.com\/chicolang\/files\/2021\/09\/agenciacorinthians-foto-185074.jpg\" alt=\"\" width=\"2000\" height=\"1391\" srcset=\"https:\/\/blogs.gazetaesportiva.com\/chicolang\/files\/2021\/09\/agenciacorinthians-foto-185074.jpg 2000w, https:\/\/blogs.gazetaesportiva.com\/chicolang\/files\/2021\/09\/agenciacorinthians-foto-185074-300x209.jpg 300w, https:\/\/blogs.gazetaesportiva.com\/chicolang\/files\/2021\/09\/agenciacorinthians-foto-185074-768x534.jpg 768w, https:\/\/blogs.gazetaesportiva.com\/chicolang\/files\/2021\/09\/agenciacorinthians-foto-185074-1024x712.jpg 1024w\" sizes=\"auto, (max-width: 2000px) 100vw, 2000px\" \/><\/a><figcaption id=\"caption-attachment-8575\" class=\"wp-caption-text\">Foto: Divulga\u00e7\u00e3o\/Rodrigo Coca<\/figcaption><\/figure>\n<p>A estreia de William no Corinthians teve um resultado injusto. O empate de 1 a 1 com o Am\u00e9rica MG n\u00e3o refletiu o que aconteceu em campo, neste domingo \u00e0 noite, na Neo Qu\u00edmica Arena. Foram duas bolas na trave, pelo menos quatro chances claras de gol. Inspirado, o goleiro Cavichioli ergueu-se como um &#8220;pared\u00e3o&#8221; \u00e0 frente do ataque corintiano, autor de defesas &#8220;milagrosas&#8221;. Marlon e Giuliano foram os artilheiros da jornada. Gabriel levou um cart\u00e3o amarelo no final da partida. Na descida para os vesti\u00e1rios, \u00e1rbitro o expulsou por reclama\u00e7\u00e3o ou ofensa pessoal. Desfalca a equipe contra o Palmeiras, no pr\u00f3ximo s\u00e1bado, em Itaquera.<\/p>\n<p>Jogo cercado de grande expectativa. Afinal, William reestreava com a camisa 10 e do lado de l\u00e1, o ex-t\u00e9cnico corintiano Vagner Mancini agora defendia as cores americanas. Sulvinho, de maneira infantil, orientou o time ofensivamente, deixando um vasto espa\u00e7o no meio campo, facilitando a penetra\u00e7\u00e3o advers\u00e1ria sem fazer o menor esfor\u00e7o, principalmente nas costas de F\u00e1bio Santos.<\/p>\n<p>O Coelho mineiro, claro, aproveitou-se.Tabela entre Juninho e Ribamar. Esse \u00faltimo mandou para fora. Lucas kal de fora da \u00e1rea, C\u00e1ssio pegou. Bola da esquerda para direita, Marlon bateu de primeira e fez 1 a 0. Z\u00e1rate driblou Gabriel como bem entendeu. Ribamar, livre pelo meio, poderia ter feito o segundo. Por\u00e9m, parou no goleiro corintiano.<\/p>\n<p>Na press\u00e3o, William deu para Gabriel Pereira, que cruzou. Roger Guedes chutou. Goleiro espalmou e J\u00f4 fuzilou. De novo, Cavichioli rebateu. Desta vez, Giuliano n\u00e3o desperdi\u00e7ou, 1 a 1. Apesar do empate e do maior dom\u00ednio de bola, o tal &#8220;buraco&#8221; nas costas de F\u00e1bio Santos n\u00e3o foi corrigido por Sylvinho. Por isso,\u00a0 partida continuava equilibrada.<\/p>\n<p>Tim\u00e3o aos poucos ia ganhando corpo. Uma boa triangula\u00e7\u00e3o entre William, Gabriel Pereira e Roger Guedes quase terminou em outro gol de Giuliano. William caiu pela direita e dava arrancadas interessantes. N\u00e3o se escondeu no gramado. Z\u00e1rate lan\u00e7ou Ademir, que parou em C\u00e1ssio.<\/p>\n<p>O desentrosamento alvinegro ainda se fazia presente. As &#8220;estrelas&#8221; estavam bem vigiadas. Espa\u00e7o mesmo tinha o jovem Gabriel Pereira e dava show. Roger Guedes, em jogada pessoal, bateu e Cavichioli espalmou. No escanteio, pelota sobrou para Gabriel. Volante fuzilou e acertou o travess\u00e3o. Deu azar!<\/p>\n<p>Mancini usou a mesma t\u00e1tica no segundo tempo. Adiantou a marca\u00e7\u00e3o e impediu o Tim\u00e3o de sair de tr\u00e1s na base do toque de bola. William se aproveitou de erro de passe e cruzou errado para J\u00f4. Poderia ter chutado. De novo o camisa 10 caiu livre pela direita e rolou para Fagner, impedido.<\/p>\n<p>Gabriel Pereira rolou para Roger Guedes. Giuliano penetrou, controlou e desperdi\u00e7ou gol certo. Faltou tranquilidade. Aos 18 minutos,, Renato Augusto substituiu William. Craque reestreou com classe. O camisa 8 reorganizou o meio campo e Gabriel Pereira caiu pela direita. Giuliano, outra vez, viu clarear o miolo e bateu colocado. Cavichioli encaixou.<\/p>\n<p>\u00c1rbitro ignorou p\u00eanalti claro em cima de J\u00f4. Antes de se chocar com o goleiro, foi empurrado pelo zagueiro. VAR deixou passar. Saiu Gabriel Pereira e entrou Gustavo Mosquito. Roger Guedes deu para Renato Augusto, que girou. Pelota bateu no poste direito e saiu. Quase!<\/p>\n<p>Escanteio cobrado por Mosquito pela direita. J\u00f4 resvalou e Giuliano mergulhou de cabe\u00e7a. Cavichioli fez um &#8220;milagre&#8221;. Luan veio para o lugar de Giuliano. Dom\u00ednio total corintiano que, infelizmente, parou nas defesas do goleiro Cavichioli. A vit\u00f3ria alvinegra seria um resultado bem mais justo.<\/p>\n<p>E tenho dito!<\/p>\n<p>&nbsp;<\/p>\n","protected":false},"excerpt":{"rendered":"<p>A estreia de William no Corinthians teve um resultado injusto. O empate de 1 a 1 com o Am\u00e9rica MG n\u00e3o refletiu o que aconteceu <a class=\"read-more\" href=\"https:\/\/blogs.gazetaesportiva.com\/chicolang\/2021\/09\/19\/timao-merecia-vencer-no-retorno-de-william\/\">leia mais<\/a><\/p>\n","protected":false},"author":5,"featured_media":8575,"comment_status":"closed","ping_status":"open","sticky":false,"template":"","format":"standard","meta":{"jetpack_post_was_ever_published":false,"_jetpack_newsletter_access":"","_jetpack_dont_email_post_to_subs":false,"_jetpack_newsletter_tier_id":0,"_jetpack_memberships_contains_paywalled_content":false,"_jetpack_memberships_contains_paid_content":false,"footnotes":"","jetpack_publicize_message":"","jetpack_publicize_feature_enabled":true,"jetpack_social_post_already_shared":false,"jetpack_social_options":{"image_generator_settings":{"template":"highway","default_image_id":0,"font":"","enabled":false},"version":2}},"categories":[1],"tags":[],"class_list":["post-8572","post","type-post","status-publish","format-standard","has-post-thumbnail","hentry","category-sem-categoria"],"jetpack_publicize_connections":[],"jetpack_featured_media_url":"https:\/\/blogs.gazetaesportiva.com\/chicolang\/files\/2021\/09\/agenciacorinthians-foto-185074.jpg","jetpack_sharing_enabled":true,"jetpack_shortlink":"https:\/\/wp.me\/paxTb8-2eg","_links":{"self":[{"href":"https:\/\/blogs.gazetaesportiva.com\/chicolang\/wp-json\/wp\/v2\/posts\/8572","targetHints":{"allow":["GET"]}}],"collection":[{"href":"https:\/\/blogs.gazetaesportiva.com\/chicolang\/wp-json\/wp\/v2\/posts"}],"about":[{"href":"https:\/\/blogs.gazetaesportiva.com\/chicolang\/wp-json\/wp\/v2\/types\/post"}],"author":[{"embeddable":true,"href":"https:\/\/blogs.gazetaesportiva.com\/chicolang\/wp-json\/wp\/v2\/users\/5"}],"replies":[{"embeddable":true,"href":"https:\/\/blogs.gazetaesportiva.com\/chicolang\/wp-json\/wp\/v2\/comments?post=8572"}],"version-history":[{"count":0,"href":"https:\/\/blogs.gazetaesportiva.com\/chicolang\/wp-json\/wp\/v2\/posts\/8572\/revisions"}],"wp:featuredmedia":[{"embeddable":true,"href":"https:\/\/blogs.gazetaesportiva.com\/chicolang\/wp-json\/wp\/v2\/media\/8575"}],"wp:attachment":[{"href":"https:\/\/blogs.gazetaesportiva.com\/chicolang\/wp-json\/wp\/v2\/media?parent=8572"}],"wp:term":[{"taxonomy":"category","embeddable":true,"href":"https:\/\/blogs.gazetaesportiva.com\/chicolang\/wp-json\/wp\/v2\/categories?post=8572"},{"taxonomy":"post_tag","embeddable":true,"href":"https:\/\/blogs.gazetaesportiva.com\/chicolang\/wp-json\/wp\/v2\/tags?post=8572"}],"curies":[{"name":"wp","href":"https:\/\/api.w.org\/{rel}","templated":true}]}}