{"id":8571,"date":"2021-09-19T18:08:37","date_gmt":"2021-09-19T21:08:37","guid":{"rendered":"https:\/\/blogs.gazetaesportiva.com\/chicolang\/?p=8571"},"modified":"2021-09-19T18:47:45","modified_gmt":"2021-09-19T21:47:45","slug":"no-sufoco-vitoria-do-sao-paulo","status":"publish","type":"post","link":"https:\/\/blogs.gazetaesportiva.com\/chicolang\/2021\/09\/19\/no-sufoco-vitoria-do-sao-paulo\/","title":{"rendered":"No sufoco, vit\u00f3ria do S\u00e3o Paulo"},"content":{"rendered":"<figure id=\"attachment_8574\" aria-describedby=\"caption-attachment-8574\" style=\"width: 800px\" class=\"wp-caption aligncenter\"><a href=\"https:\/\/blogs.gazetaesportiva.com\/chicolang\/files\/2021\/09\/4641_crop_galeria.jpg\"><img loading=\"lazy\" decoding=\"async\" class=\"size-full wp-image-8574\" src=\"https:\/\/blogs.gazetaesportiva.com\/chicolang\/files\/2021\/09\/4641_crop_galeria.jpg\" alt=\"\" width=\"800\" height=\"515\" srcset=\"https:\/\/blogs.gazetaesportiva.com\/chicolang\/files\/2021\/09\/4641_crop_galeria.jpg 800w, https:\/\/blogs.gazetaesportiva.com\/chicolang\/files\/2021\/09\/4641_crop_galeria-300x193.jpg 300w, https:\/\/blogs.gazetaesportiva.com\/chicolang\/files\/2021\/09\/4641_crop_galeria-768x494.jpg 768w\" sizes=\"auto, (max-width: 800px) 100vw, 800px\" \/><\/a><figcaption id=\"caption-attachment-8574\" class=\"wp-caption-text\">Foto: Divulga\u00e7\u00e3o\/Rubens Chiri<\/figcaption><\/figure>\n<p>O S\u00e3o Paulo derrotou o Atl\u00e9tico GO por 2 a 1, na tarde deste domingo, no Morumbi, pelo Brasileir\u00e3o. No entanto, time de Hernan Crespo passou o costumeiro sufoco. Chegou a vencer por 2 a 0. O lado positivo foi a boa reestreia de Carelli. Ele jogou alguns minutos e j\u00e1 deu sinais de um prov\u00e1vel entendimento com Rigoni. Mais tr\u00eas pontos na fuga s\u00e3o-paulina da zona de rebaixamento.<\/p>\n<p>O Tricolor esteve melhor em campo no primeiro tempo. Marcou bem, impedindo o perigoso contra-ataque do Atl\u00e9tico GO e saindo para o jogo. A prefer\u00eancia ofensiva era a ala esquerda, com Reinaldo e Rigoni caindo pelo setor. Com isso, as oportunidades foram surgindo, embora faltasse capricho no momento da finaliza\u00e7\u00e3o.<\/p>\n<p>Rigoni recebeu lan\u00e7amento de Luan e bateu para fora. Gabriel Sara arriscou e se deu mal. Igor Vin\u00edcius chutou forte em boa penetra\u00e7\u00e3o pela direita e Fernando Miguel espalmou no reflexo. Reinaldo cobrou escanteio fechado e o goleiro estava atento. A primeira grande chance, no entanto, coube ao time do t\u00e9cnico Barroca.<\/p>\n<p>Bola sobrou para Andr\u00e9 Lu\u00eds, que chutou forte, cruzado por\u00e9m por cima. Sorte de Tiago Volpi. De tanto insistir, veio a recompensa. Rodrigo Nestor cruzou na medida certa para Rigoni, de cabe\u00e7a, estufar as redes de Fernando Miguel, 1 a 0. Na sequ\u00eancia, sem \u00e2ngulo, por pouco Reinaldo ampliou. Goleiro, no reflexo, defendeu.<\/p>\n<p>O Atl\u00e9tico GO fez um gol. Andr\u00e9 Lu\u00eds estava impedido, depois de aproveitar o rebote de Volpi e \u00f3tima finaliza\u00e7\u00e3o de Baralhos. De novo, chegou Andr\u00e9 Lu\u00eds. Natanael pensou estar em condi\u00e7\u00e3o irregular e desperdi\u00e7ou gol certo. Faltou aquele senso de oportunismo t\u00edpico de um artilheiro.<\/p>\n<p>Galeano substuiu Igor Vin\u00edcius\u00a0 a etapa final. Latetal deixou o gramado ap\u00f3s levar uma cotovelada involunt\u00e1ria no olho direito. E surgiu a chance do garoto paraguaio ampliar o marcador. Parou em Fernando Miguel. Barroca alterou bastante a equipe, com a inten\u00e7\u00e3o de deix\u00e1-la mais agressiva.<\/p>\n<p>No entanto, Luciano tocou para Galeano. .ensino foi \u00e0 linha de fundo e cruzou. Nestor tocou de letra e Luciano afundou, 2 a 0. VAR checou o lance e confirmou a decis\u00e3o de campo. Bela triangula\u00e7\u00e3o ofensiva s\u00e3o-paulina. Desta vez,\u00a0 tricolores pareciam estar focados at\u00e9 demais, firmes na marca\u00e7\u00e3o e bem espertos as op\u00e7\u00f5es de ataque.<\/p>\n<p>O advers\u00e1rio, no entanto, foi para cima. Andr\u00e9 Lu\u00eds ganhou pela esquerda e jogou na \u00e1rea. Matheus Barbosa veio na corrida e fez 1 a 2. E a d\u00favida sobre o tal foco s\u00e3o-paulino virou um &#8220;fantasma&#8221;. Crespo sacou Nestor e colocou Gabriel. Equipe sentiu o tento e advers\u00e1rio cresceu na partida.\u00a0 T\u00e9cnico hermano finalmente p\u00f4s Calleri e Bruno Alves. Atacante fez a reestreia no Tricolor.<\/p>\n<p>Equipe goiana teve duas chances claras com o ex-corintiano Janderson e Dudu. Acuado, Tricolor saia apenas em situa\u00e7\u00f5es confort\u00e1veis. Um sufoco atleticano no final. VAR at\u00e9 foi consultado para averiguar um p\u00eanalti contra o Tricolor. Nada ocorreu e juiz apitou o meio campo. Ufa!<\/p>\n<p>E tenho dito!<\/p>\n","protected":false},"excerpt":{"rendered":"<p>O S\u00e3o Paulo derrotou o Atl\u00e9tico GO por 2 a 1, na tarde deste domingo, no Morumbi, pelo Brasileir\u00e3o. No entanto, time de Hernan Crespo <a class=\"read-more\" href=\"https:\/\/blogs.gazetaesportiva.com\/chicolang\/2021\/09\/19\/no-sufoco-vitoria-do-sao-paulo\/\">leia mais<\/a><\/p>\n","protected":false},"author":5,"featured_media":8574,"comment_status":"closed","ping_status":"open","sticky":false,"template":"","format":"standard","meta":{"jetpack_post_was_ever_published":false,"_jetpack_newsletter_access":"","_jetpack_dont_email_post_to_subs":false,"_jetpack_newsletter_tier_id":0,"_jetpack_memberships_contains_paywalled_content":false,"_jetpack_memberships_contains_paid_content":false,"footnotes":"","jetpack_publicize_message":"","jetpack_publicize_feature_enabled":true,"jetpack_social_post_already_shared":false,"jetpack_social_options":{"image_generator_settings":{"template":"highway","default_image_id":0,"font":"","enabled":false},"version":2}},"categories":[1],"tags":[],"class_list":["post-8571","post","type-post","status-publish","format-standard","has-post-thumbnail","hentry","category-sem-categoria"],"jetpack_publicize_connections":[],"jetpack_featured_media_url":"https:\/\/blogs.gazetaesportiva.com\/chicolang\/files\/2021\/09\/4641_crop_galeria.jpg","jetpack_sharing_enabled":true,"jetpack_shortlink":"https:\/\/wp.me\/paxTb8-2ef","_links":{"self":[{"href":"https:\/\/blogs.gazetaesportiva.com\/chicolang\/wp-json\/wp\/v2\/posts\/8571","targetHints":{"allow":["GET"]}}],"collection":[{"href":"https:\/\/blogs.gazetaesportiva.com\/chicolang\/wp-json\/wp\/v2\/posts"}],"about":[{"href":"https:\/\/blogs.gazetaesportiva.com\/chicolang\/wp-json\/wp\/v2\/types\/post"}],"author":[{"embeddable":true,"href":"https:\/\/blogs.gazetaesportiva.com\/chicolang\/wp-json\/wp\/v2\/users\/5"}],"replies":[{"embeddable":true,"href":"https:\/\/blogs.gazetaesportiva.com\/chicolang\/wp-json\/wp\/v2\/comments?post=8571"}],"version-history":[{"count":0,"href":"https:\/\/blogs.gazetaesportiva.com\/chicolang\/wp-json\/wp\/v2\/posts\/8571\/revisions"}],"wp:featuredmedia":[{"embeddable":true,"href":"https:\/\/blogs.gazetaesportiva.com\/chicolang\/wp-json\/wp\/v2\/media\/8574"}],"wp:attachment":[{"href":"https:\/\/blogs.gazetaesportiva.com\/chicolang\/wp-json\/wp\/v2\/media?parent=8571"}],"wp:term":[{"taxonomy":"category","embeddable":true,"href":"https:\/\/blogs.gazetaesportiva.com\/chicolang\/wp-json\/wp\/v2\/categories?post=8571"},{"taxonomy":"post_tag","embeddable":true,"href":"https:\/\/blogs.gazetaesportiva.com\/chicolang\/wp-json\/wp\/v2\/tags?post=8571"}],"curies":[{"name":"wp","href":"https:\/\/api.w.org\/{rel}","templated":true}]}}